{"id":2424,"date":"2024-10-13T12:27:25","date_gmt":"2024-10-13T10:27:25","guid":{"rendered":"https:\/\/wgphoto.pl\/t\/?p=2424"},"modified":"2024-10-13T16:18:57","modified_gmt":"2024-10-13T14:18:57","slug":"jeszcze-bez-slonca","status":"publish","type":"post","link":"http:\/\/wgphoto.pl\/t\/?p=2424","title":{"rendered":"Jeszcze bez s\u0142o\u0144ca"},"content":{"rendered":"\n<figure class=\"wp-block-image aligncenter size-full\"><img loading=\"lazy\" decoding=\"async\" width=\"1300\" height=\"861\" src=\"https:\/\/wgphoto.pl\/t\/wp-content\/uploads\/2024\/10\/IMGP5041.jpg\" alt=\"\" class=\"wp-image-2425\" srcset=\"http:\/\/wgphoto.pl\/t\/wp-content\/uploads\/2024\/10\/IMGP5041.jpg 1300w, http:\/\/wgphoto.pl\/t\/wp-content\/uploads\/2024\/10\/IMGP5041-300x199.jpg 300w, http:\/\/wgphoto.pl\/t\/wp-content\/uploads\/2024\/10\/IMGP5041-768x509.jpg 768w\" sizes=\"auto, (max-width: 1300px) 100vw, 1300px\" \/><\/figure>\n\n\n\n<div class=\"wp-block-group has-global-padding is-layout-constrained wp-block-group-is-layout-constrained\">\n<p>Klasyczny nurek 754.033 z poci\u0105giem pospiesznym 942 &#8222;Fatra&#8221; z Ba\u0144skiej Bystrzycy do \u017byliny za chwil\u0119 minie przystanek Nezbudsk\u00e1 L\u00fa\u010dka-Stre\u010dno. S\u0142o\u0144ce przebije si\u0119 przez podnosz\u0105c\u0105 si\u0119 mg\u0142\u0119 ju\u017c za par\u0119 minut. [17.08.2019]<\/p>\n<\/div>\n","protected":false},"excerpt":{"rendered":"<p>Klasyczny nurek 754.033 z poci\u0105giem pospiesznym 942 &#8222;Fatra&#8221; z Ba\u0144skiej Bystrzycy do \u017byliny za chwil\u0119 minie przystanek Nezbudsk\u00e1 L\u00fa\u010dka-Stre\u010dno. S\u0142o\u0144ce przebije si\u0119 przez podnosz\u0105c\u0105 si\u0119 mg\u0142\u0119 ju\u017c za par\u0119 minut. [17.08.2019]<\/p>\n","protected":false},"author":1,"featured_media":2425,"comment_status":"open","ping_status":"","sticky":false,"template":"","format":"standard","meta":{"footnotes":""},"categories":[2,136],"tags":[1169,335,114,113,1167,176,1168,675,469],"class_list":["post-2424","post","type-post","status-publish","format-standard","has-post-thumbnail","hentry","category-kolej","category-rok-2019","tag-2019-08-17","tag-335","tag-gory","tag-landszaft","tag-nezbudska-lucka-strecno","tag-rano","tag-sierpniowka-2019","tag-slowacja","tag-zssk"],"_links":{"self":[{"href":"http:\/\/wgphoto.pl\/t\/index.php?rest_route=\/wp\/v2\/posts\/2424","targetHints":{"allow":["GET"]}}],"collection":[{"href":"http:\/\/wgphoto.pl\/t\/index.php?rest_route=\/wp\/v2\/posts"}],"about":[{"href":"http:\/\/wgphoto.pl\/t\/index.php?rest_route=\/wp\/v2\/types\/post"}],"author":[{"embeddable":true,"href":"http:\/\/wgphoto.pl\/t\/index.php?rest_route=\/wp\/v2\/users\/1"}],"replies":[{"embeddable":true,"href":"http:\/\/wgphoto.pl\/t\/index.php?rest_route=%2Fwp%2Fv2%2Fcomments&post=2424"}],"version-history":[{"count":1,"href":"http:\/\/wgphoto.pl\/t\/index.php?rest_route=\/wp\/v2\/posts\/2424\/revisions"}],"predecessor-version":[{"id":2426,"href":"http:\/\/wgphoto.pl\/t\/index.php?rest_route=\/wp\/v2\/posts\/2424\/revisions\/2426"}],"wp:featuredmedia":[{"embeddable":true,"href":"http:\/\/wgphoto.pl\/t\/index.php?rest_route=\/wp\/v2\/media\/2425"}],"wp:attachment":[{"href":"http:\/\/wgphoto.pl\/t\/index.php?rest_route=%2Fwp%2Fv2%2Fmedia&parent=2424"}],"wp:term":[{"taxonomy":"category","embeddable":true,"href":"http:\/\/wgphoto.pl\/t\/index.php?rest_route=%2Fwp%2Fv2%2Fcategories&post=2424"},{"taxonomy":"post_tag","embeddable":true,"href":"http:\/\/wgphoto.pl\/t\/index.php?rest_route=%2Fwp%2Fv2%2Ftags&post=2424"}],"curies":[{"name":"wp","href":"https:\/\/api.w.org\/{rel}","templated":true}]}}