{"id":2464,"date":"2024-10-13T12:42:46","date_gmt":"2024-10-13T10:42:46","guid":{"rendered":"https:\/\/wgphoto.pl\/t\/?p=2464"},"modified":"2024-10-13T16:13:23","modified_gmt":"2024-10-13T14:13:23","slug":"ostatnia-11","status":"publish","type":"post","link":"http:\/\/wgphoto.pl\/t\/?p=2464","title":{"rendered":"Ostatnia 11"},"content":{"rendered":"\n<figure class=\"wp-block-image aligncenter size-full\"><img loading=\"lazy\" decoding=\"async\" width=\"1300\" height=\"861\" src=\"https:\/\/wgphoto.pl\/t\/wp-content\/uploads\/2024\/10\/IMGP5237.jpg\" alt=\"\" class=\"wp-image-2465\" srcset=\"http:\/\/wgphoto.pl\/t\/wp-content\/uploads\/2024\/10\/IMGP5237.jpg 1300w, http:\/\/wgphoto.pl\/t\/wp-content\/uploads\/2024\/10\/IMGP5237-300x199.jpg 300w, http:\/\/wgphoto.pl\/t\/wp-content\/uploads\/2024\/10\/IMGP5237-768x509.jpg 768w\" sizes=\"auto, (max-width: 1300px) 100vw, 1300px\" \/><\/figure>\n\n\n\n<div class=\"wp-block-group has-global-padding is-layout-constrained wp-block-group-is-layout-constrained\">\n<p>205WrAs 2707 jako ostatnia 11, ju\u017c po p\u00f3\u0142nocy, odjecha\u0142 z Oporowa do zajezdni, lecz z braku pasa\u017cer\u00f3w o tej porze zatrzyma\u0142 si\u0119 jeszcze na fotostop z pomnikiem \u017bo\u0142nierzy Wojska Polskiego, we Wroc\u0142awiu oczywi\u015bcie. [31.07.2010]<\/p>\n<\/div>\n","protected":false},"excerpt":{"rendered":"<p>205WrAs 2707 jako ostatnia 11, ju\u017c po p\u00f3\u0142nocy, odjecha\u0142 z Oporowa do zajezdni, lecz z braku pasa\u017cer\u00f3w o tej porze zatrzyma\u0142 si\u0119 jeszcze na fotostop z pomnikiem \u017bo\u0142nierzy Wojska Polskiego, we Wroc\u0142awiu oczywi\u015bcie. [31.07.2010]<\/p>\n","protected":false},"author":1,"featured_media":2465,"comment_status":"open","ping_status":"","sticky":false,"template":"","format":"standard","meta":{"footnotes":""},"categories":[86,3],"tags":[1293,42,154,1280,27,1096,439,41],"class_list":["post-2464","post","type-post","status-publish","format-standard","has-post-thumbnail","hentry","category-rok-2010","category-tramwaj","tag-2010-07-31","tag-mpk-wroclaw","tag-noc","tag-oporow","tag-polska","tag-protram-205wras","tag-we-fabryce","tag-wroclaw"],"_links":{"self":[{"href":"http:\/\/wgphoto.pl\/t\/index.php?rest_route=\/wp\/v2\/posts\/2464","targetHints":{"allow":["GET"]}}],"collection":[{"href":"http:\/\/wgphoto.pl\/t\/index.php?rest_route=\/wp\/v2\/posts"}],"about":[{"href":"http:\/\/wgphoto.pl\/t\/index.php?rest_route=\/wp\/v2\/types\/post"}],"author":[{"embeddable":true,"href":"http:\/\/wgphoto.pl\/t\/index.php?rest_route=\/wp\/v2\/users\/1"}],"replies":[{"embeddable":true,"href":"http:\/\/wgphoto.pl\/t\/index.php?rest_route=%2Fwp%2Fv2%2Fcomments&post=2464"}],"version-history":[{"count":1,"href":"http:\/\/wgphoto.pl\/t\/index.php?rest_route=\/wp\/v2\/posts\/2464\/revisions"}],"predecessor-version":[{"id":2466,"href":"http:\/\/wgphoto.pl\/t\/index.php?rest_route=\/wp\/v2\/posts\/2464\/revisions\/2466"}],"wp:featuredmedia":[{"embeddable":true,"href":"http:\/\/wgphoto.pl\/t\/index.php?rest_route=\/wp\/v2\/media\/2465"}],"wp:attachment":[{"href":"http:\/\/wgphoto.pl\/t\/index.php?rest_route=%2Fwp%2Fv2%2Fmedia&parent=2464"}],"wp:term":[{"taxonomy":"category","embeddable":true,"href":"http:\/\/wgphoto.pl\/t\/index.php?rest_route=%2Fwp%2Fv2%2Fcategories&post=2464"},{"taxonomy":"post_tag","embeddable":true,"href":"http:\/\/wgphoto.pl\/t\/index.php?rest_route=%2Fwp%2Fv2%2Ftags&post=2464"}],"curies":[{"name":"wp","href":"https:\/\/api.w.org\/{rel}","templated":true}]}}