{"id":2491,"date":"2024-10-13T16:35:00","date_gmt":"2024-10-13T14:35:00","guid":{"rendered":"https:\/\/wgphoto.pl\/t\/?p=2491"},"modified":"2025-02-08T14:24:03","modified_gmt":"2025-02-08T13:24:03","slug":"tramwajowy-minimal","status":"publish","type":"post","link":"http:\/\/wgphoto.pl\/t\/?p=2491","title":{"rendered":"Tramwajowy minimal"},"content":{"rendered":"\n<figure class=\"wp-block-image aligncenter size-full\"><img loading=\"lazy\" decoding=\"async\" width=\"1200\" height=\"795\" src=\"https:\/\/wgphoto.pl\/t\/wp-content\/uploads\/2024\/10\/IMGP0909.jpg\" alt=\"\" class=\"wp-image-2492\" srcset=\"http:\/\/wgphoto.pl\/t\/wp-content\/uploads\/2024\/10\/IMGP0909.jpg 1200w, http:\/\/wgphoto.pl\/t\/wp-content\/uploads\/2024\/10\/IMGP0909-300x199.jpg 300w, http:\/\/wgphoto.pl\/t\/wp-content\/uploads\/2024\/10\/IMGP0909-768x509.jpg 768w\" sizes=\"auto, (max-width: 1200px) 100vw, 1200px\" \/><\/figure>\n\n\n\n<div class=\"wp-block-group has-global-padding is-layout-constrained wp-block-group-is-layout-constrained\">\n<p>Pozuelo de Alarc\u00f3n (obszar metropolitalny Madrytu), tu\u017c przed po\u0142o\u017conym po\u015brodku niczego przystankiem Retamares. Tramwaj przejecha\u0142 w\u0142a\u015bnie wiaduktem nad autostrad\u0105. 09.11.2013<\/p>\n<\/div>\n","protected":false},"excerpt":{"rendered":"<p>Pozuelo de Alarc\u00f3n (obszar metropolitalny Madrytu), tu\u017c przed po\u0142o\u017conym po\u015brodku niczego przystankiem Retamares. Tramwaj przejecha\u0142 w\u0142a\u015bnie wiaduktem nad autostrad\u0105. 09.11.2013<\/p>\n","protected":false},"author":1,"featured_media":2492,"comment_status":"open","ping_status":"","sticky":false,"template":"","format":"standard","meta":{"footnotes":""},"categories":[55,3],"tags":[1136,170,159,1309,2830],"class_list":["post-2491","post","type-post","status-publish","format-standard","has-post-thumbnail","hentry","category-rok-2013","category-tramwaj","tag-2013-11-09","tag-alstom-citadis302","tag-hiszpania","tag-madryt","tag-metro-ligero-de-madrid"],"_links":{"self":[{"href":"http:\/\/wgphoto.pl\/t\/index.php?rest_route=\/wp\/v2\/posts\/2491","targetHints":{"allow":["GET"]}}],"collection":[{"href":"http:\/\/wgphoto.pl\/t\/index.php?rest_route=\/wp\/v2\/posts"}],"about":[{"href":"http:\/\/wgphoto.pl\/t\/index.php?rest_route=\/wp\/v2\/types\/post"}],"author":[{"embeddable":true,"href":"http:\/\/wgphoto.pl\/t\/index.php?rest_route=\/wp\/v2\/users\/1"}],"replies":[{"embeddable":true,"href":"http:\/\/wgphoto.pl\/t\/index.php?rest_route=%2Fwp%2Fv2%2Fcomments&post=2491"}],"version-history":[{"count":1,"href":"http:\/\/wgphoto.pl\/t\/index.php?rest_route=\/wp\/v2\/posts\/2491\/revisions"}],"predecessor-version":[{"id":2493,"href":"http:\/\/wgphoto.pl\/t\/index.php?rest_route=\/wp\/v2\/posts\/2491\/revisions\/2493"}],"wp:featuredmedia":[{"embeddable":true,"href":"http:\/\/wgphoto.pl\/t\/index.php?rest_route=\/wp\/v2\/media\/2492"}],"wp:attachment":[{"href":"http:\/\/wgphoto.pl\/t\/index.php?rest_route=%2Fwp%2Fv2%2Fmedia&parent=2491"}],"wp:term":[{"taxonomy":"category","embeddable":true,"href":"http:\/\/wgphoto.pl\/t\/index.php?rest_route=%2Fwp%2Fv2%2Fcategories&post=2491"},{"taxonomy":"post_tag","embeddable":true,"href":"http:\/\/wgphoto.pl\/t\/index.php?rest_route=%2Fwp%2Fv2%2Ftags&post=2491"}],"curies":[{"name":"wp","href":"https:\/\/api.w.org\/{rel}","templated":true}]}}