{"id":2503,"date":"2024-10-13T16:56:40","date_gmt":"2024-10-13T14:56:40","guid":{"rendered":"https:\/\/wgphoto.pl\/t\/?p=2503"},"modified":"2024-10-13T16:56:40","modified_gmt":"2024-10-13T14:56:40","slug":"st43-302","status":"publish","type":"post","link":"http:\/\/wgphoto.pl\/t\/?p=2503","title":{"rendered":"ST43-302"},"content":{"rendered":"\n<figure class=\"wp-block-image aligncenter size-full\"><img loading=\"lazy\" decoding=\"async\" width=\"700\" height=\"1050\" src=\"https:\/\/wgphoto.pl\/t\/wp-content\/uploads\/2024\/10\/0428-27.jpg\" alt=\"\" class=\"wp-image-2504\" srcset=\"http:\/\/wgphoto.pl\/t\/wp-content\/uploads\/2024\/10\/0428-27.jpg 700w, http:\/\/wgphoto.pl\/t\/wp-content\/uploads\/2024\/10\/0428-27-200x300.jpg 200w\" sizes=\"auto, (max-width: 700px) 100vw, 700px\" \/><\/figure>\n\n\n\n<div class=\"wp-block-group has-global-padding is-layout-constrained wp-block-group-is-layout-constrained\">\n<p>Nowa Ruda S\u0142upiec &#8211; \u015acinawka \u015arednia. Kopalnia w S\u0142upcu wtedy jeszcze najwidoczniej funkcjonowa\u0142a, gdy\u017c sk\u0142ad za\u0142adowany jest w\u0119glem. 23.10.2004<\/p>\n<\/div>\n","protected":false},"excerpt":{"rendered":"<p>Nowa Ruda S\u0142upiec &#8211; \u015acinawka \u015arednia. Kopalnia w S\u0142upcu wtedy jeszcze najwidoczniej funkcjonowa\u0142a, gdy\u017c sk\u0142ad za\u0142adowany jest w\u0119glem. 23.10.2004<\/p>\n","protected":false},"author":1,"featured_media":2504,"comment_status":"open","ping_status":"","sticky":false,"template":"","format":"standard","meta":{"footnotes":""},"categories":[62,2,128,61],"tags":[465,126,1315,27,1066,64],"class_list":["post-2503","post","type-post","status-publish","format-standard","has-post-thumbnail","hentry","category-analog","category-kolej","category-pionowe","category-rok-2004","tag-2004-10-23","tag-jesien","tag-nowa-ruda-slupiec","tag-polska","tag-scinawka-srednia","tag-st43"],"_links":{"self":[{"href":"http:\/\/wgphoto.pl\/t\/index.php?rest_route=\/wp\/v2\/posts\/2503","targetHints":{"allow":["GET"]}}],"collection":[{"href":"http:\/\/wgphoto.pl\/t\/index.php?rest_route=\/wp\/v2\/posts"}],"about":[{"href":"http:\/\/wgphoto.pl\/t\/index.php?rest_route=\/wp\/v2\/types\/post"}],"author":[{"embeddable":true,"href":"http:\/\/wgphoto.pl\/t\/index.php?rest_route=\/wp\/v2\/users\/1"}],"replies":[{"embeddable":true,"href":"http:\/\/wgphoto.pl\/t\/index.php?rest_route=%2Fwp%2Fv2%2Fcomments&post=2503"}],"version-history":[{"count":1,"href":"http:\/\/wgphoto.pl\/t\/index.php?rest_route=\/wp\/v2\/posts\/2503\/revisions"}],"predecessor-version":[{"id":2505,"href":"http:\/\/wgphoto.pl\/t\/index.php?rest_route=\/wp\/v2\/posts\/2503\/revisions\/2505"}],"wp:featuredmedia":[{"embeddable":true,"href":"http:\/\/wgphoto.pl\/t\/index.php?rest_route=\/wp\/v2\/media\/2504"}],"wp:attachment":[{"href":"http:\/\/wgphoto.pl\/t\/index.php?rest_route=%2Fwp%2Fv2%2Fmedia&parent=2503"}],"wp:term":[{"taxonomy":"category","embeddable":true,"href":"http:\/\/wgphoto.pl\/t\/index.php?rest_route=%2Fwp%2Fv2%2Fcategories&post=2503"},{"taxonomy":"post_tag","embeddable":true,"href":"http:\/\/wgphoto.pl\/t\/index.php?rest_route=%2Fwp%2Fv2%2Ftags&post=2503"}],"curies":[{"name":"wp","href":"https:\/\/api.w.org\/{rel}","templated":true}]}}