{"id":2509,"date":"2024-10-13T16:59:42","date_gmt":"2024-10-13T14:59:42","guid":{"rendered":"https:\/\/wgphoto.pl\/t\/?p=2509"},"modified":"2024-10-13T16:59:42","modified_gmt":"2024-10-13T14:59:42","slug":"tym-razem-sie-udalo","status":"publish","type":"post","link":"http:\/\/wgphoto.pl\/t\/?p=2509","title":{"rendered":"Tym razem si\u0119 uda\u0142o"},"content":{"rendered":"\n<figure class=\"wp-block-image aligncenter size-full\"><img loading=\"lazy\" decoding=\"async\" width=\"1200\" height=\"795\" src=\"https:\/\/wgphoto.pl\/t\/wp-content\/uploads\/2024\/10\/IMGP6603.jpg\" alt=\"\" class=\"wp-image-2510\" srcset=\"http:\/\/wgphoto.pl\/t\/wp-content\/uploads\/2024\/10\/IMGP6603.jpg 1200w, http:\/\/wgphoto.pl\/t\/wp-content\/uploads\/2024\/10\/IMGP6603-300x199.jpg 300w, http:\/\/wgphoto.pl\/t\/wp-content\/uploads\/2024\/10\/IMGP6603-768x509.jpg 768w\" sizes=\"auto, (max-width: 1200px) 100vw, 1200px\" \/><\/figure>\n\n\n\n<div class=\"wp-block-group has-global-padding is-layout-constrained wp-block-group-is-layout-constrained\">\n<p>Norymberga, Spittlertorgraben, GT6N 1014. Z dalsza wida\u0107 tylko po\u0142ow\u0119 zamku, za to wida\u0107 j\u0105 lepiej. Fotografowaniu na wi\u0119kszym zoomie towarzyszy standardowa obawa, \u017ce co\u015b wjedzie na pierwszy plan. 22.10.2019<\/p>\n<\/div>\n","protected":false},"excerpt":{"rendered":"<p>Norymberga, Spittlertorgraben, GT6N 1014. Z dalsza wida\u0107 tylko po\u0142ow\u0119 zamku, za to wida\u0107 j\u0105 lepiej. Fotografowaniu na wi\u0119kszym zoomie towarzyszy standardowa obawa, \u017ce co\u015b wjedzie na pierwszy plan. 22.10.2019<\/p>\n","protected":false},"author":1,"featured_media":2510,"comment_status":"open","ping_status":"","sticky":false,"template":"","format":"standard","meta":{"footnotes":""},"categories":[136,3],"tags":[1302,34,1265,1186,23,1303,1304,575],"class_list":["post-2509","post","type-post","status-publish","format-standard","has-post-thumbnail","hentry","category-rok-2019","category-tramwaj","tag-2019-10-22","tag-architektura","tag-gtxn","tag-na-wsiadanego","tag-niemcy","tag-norymberga","tag-vag-nurnberg","tag-wakacje-2019"],"_links":{"self":[{"href":"http:\/\/wgphoto.pl\/t\/index.php?rest_route=\/wp\/v2\/posts\/2509","targetHints":{"allow":["GET"]}}],"collection":[{"href":"http:\/\/wgphoto.pl\/t\/index.php?rest_route=\/wp\/v2\/posts"}],"about":[{"href":"http:\/\/wgphoto.pl\/t\/index.php?rest_route=\/wp\/v2\/types\/post"}],"author":[{"embeddable":true,"href":"http:\/\/wgphoto.pl\/t\/index.php?rest_route=\/wp\/v2\/users\/1"}],"replies":[{"embeddable":true,"href":"http:\/\/wgphoto.pl\/t\/index.php?rest_route=%2Fwp%2Fv2%2Fcomments&post=2509"}],"version-history":[{"count":1,"href":"http:\/\/wgphoto.pl\/t\/index.php?rest_route=\/wp\/v2\/posts\/2509\/revisions"}],"predecessor-version":[{"id":2511,"href":"http:\/\/wgphoto.pl\/t\/index.php?rest_route=\/wp\/v2\/posts\/2509\/revisions\/2511"}],"wp:featuredmedia":[{"embeddable":true,"href":"http:\/\/wgphoto.pl\/t\/index.php?rest_route=\/wp\/v2\/media\/2510"}],"wp:attachment":[{"href":"http:\/\/wgphoto.pl\/t\/index.php?rest_route=%2Fwp%2Fv2%2Fmedia&parent=2509"}],"wp:term":[{"taxonomy":"category","embeddable":true,"href":"http:\/\/wgphoto.pl\/t\/index.php?rest_route=%2Fwp%2Fv2%2Fcategories&post=2509"},{"taxonomy":"post_tag","embeddable":true,"href":"http:\/\/wgphoto.pl\/t\/index.php?rest_route=%2Fwp%2Fv2%2Ftags&post=2509"}],"curies":[{"name":"wp","href":"https:\/\/api.w.org\/{rel}","templated":true}]}}