{"id":2597,"date":"2024-10-13T21:47:56","date_gmt":"2024-10-13T19:47:56","guid":{"rendered":"https:\/\/wgphoto.pl\/t\/?p=2597"},"modified":"2024-10-13T21:47:56","modified_gmt":"2024-10-13T19:47:56","slug":"einmal-in-gorlitz","status":"publish","type":"post","link":"http:\/\/wgphoto.pl\/t\/?p=2597","title":{"rendered":"Einmal in G\u00f6rlitz"},"content":{"rendered":"\n<figure class=\"wp-block-image aligncenter size-full\"><img loading=\"lazy\" decoding=\"async\" width=\"1200\" height=\"800\" src=\"https:\/\/wgphoto.pl\/t\/wp-content\/uploads\/2024\/10\/2002n-28a.jpg\" alt=\"\" class=\"wp-image-2598\" srcset=\"http:\/\/wgphoto.pl\/t\/wp-content\/uploads\/2024\/10\/2002n-28a.jpg 1200w, http:\/\/wgphoto.pl\/t\/wp-content\/uploads\/2024\/10\/2002n-28a-300x200.jpg 300w, http:\/\/wgphoto.pl\/t\/wp-content\/uploads\/2024\/10\/2002n-28a-768x512.jpg 768w\" sizes=\"auto, (max-width: 1200px) 100vw, 1200px\" \/><\/figure>\n\n\n\n<div class=\"wp-block-group has-global-padding is-layout-constrained wp-block-group-is-layout-constrained\">\n<p>Kiedy\u015b Niemcy tak\u017ce u\u017cywali ci\u0119\u017ckich lokomotyw do prowadzenia poci\u0105g\u00f3w pasa\u017cerskich. Spod hali peronowej w G\u00f6rlitz wprost w letni\u0105 ulew\u0119 wyje\u017cd\u017ca 234.242-6 z poci\u0105giem RB 17668 do Drezna Hbf. 27.06.2002<\/p>\n<\/div>\n","protected":false},"excerpt":{"rendered":"<p>Kiedy\u015b Niemcy tak\u017ce u\u017cywali ci\u0119\u017ckich lokomotyw do prowadzenia poci\u0105g\u00f3w pasa\u017cerskich. Spod hali peronowej w G\u00f6rlitz wprost w letni\u0105 ulew\u0119 wyje\u017cd\u017ca 234.242-6 z poci\u0105giem RB 17668 do Drezna Hbf. 27.06.2002<\/p>\n","protected":false},"author":1,"featured_media":2598,"comment_status":"open","ping_status":"","sticky":false,"template":"","format":"standard","meta":{"footnotes":""},"categories":[62,2,577],"tags":[1322,1323,206,13,31,179,23],"class_list":["post-2597","post","type-post","status-publish","format-standard","has-post-thumbnail","hentry","category-analog","category-kolej","category-rok-2002","tag-2002-06-27","tag-1323","tag-db","tag-deszcz","tag-gorlitz","tag-hala-peronowa","tag-niemcy"],"_links":{"self":[{"href":"http:\/\/wgphoto.pl\/t\/index.php?rest_route=\/wp\/v2\/posts\/2597","targetHints":{"allow":["GET"]}}],"collection":[{"href":"http:\/\/wgphoto.pl\/t\/index.php?rest_route=\/wp\/v2\/posts"}],"about":[{"href":"http:\/\/wgphoto.pl\/t\/index.php?rest_route=\/wp\/v2\/types\/post"}],"author":[{"embeddable":true,"href":"http:\/\/wgphoto.pl\/t\/index.php?rest_route=\/wp\/v2\/users\/1"}],"replies":[{"embeddable":true,"href":"http:\/\/wgphoto.pl\/t\/index.php?rest_route=%2Fwp%2Fv2%2Fcomments&post=2597"}],"version-history":[{"count":1,"href":"http:\/\/wgphoto.pl\/t\/index.php?rest_route=\/wp\/v2\/posts\/2597\/revisions"}],"predecessor-version":[{"id":2599,"href":"http:\/\/wgphoto.pl\/t\/index.php?rest_route=\/wp\/v2\/posts\/2597\/revisions\/2599"}],"wp:featuredmedia":[{"embeddable":true,"href":"http:\/\/wgphoto.pl\/t\/index.php?rest_route=\/wp\/v2\/media\/2598"}],"wp:attachment":[{"href":"http:\/\/wgphoto.pl\/t\/index.php?rest_route=%2Fwp%2Fv2%2Fmedia&parent=2597"}],"wp:term":[{"taxonomy":"category","embeddable":true,"href":"http:\/\/wgphoto.pl\/t\/index.php?rest_route=%2Fwp%2Fv2%2Fcategories&post=2597"},{"taxonomy":"post_tag","embeddable":true,"href":"http:\/\/wgphoto.pl\/t\/index.php?rest_route=%2Fwp%2Fv2%2Ftags&post=2597"}],"curies":[{"name":"wp","href":"https:\/\/api.w.org\/{rel}","templated":true}]}}