{"id":261,"date":"2024-09-28T21:51:55","date_gmt":"2024-09-28T19:51:55","guid":{"rendered":"https:\/\/wgphoto.pl\/t\/?p=261"},"modified":"2024-09-29T18:28:30","modified_gmt":"2024-09-29T16:28:30","slug":"gdzie-tramwaj-zamienia-sie-w-metro","status":"publish","type":"post","link":"http:\/\/wgphoto.pl\/t\/?p=261","title":{"rendered":"Gdzie tramwaj zamienia si\u0119 w metro"},"content":{"rendered":"\n<figure class=\"wp-block-image aligncenter size-full\"><img loading=\"lazy\" decoding=\"async\" width=\"600\" height=\"900\" src=\"https:\/\/wgphoto.pl\/t\/wp-content\/uploads\/20130605222049_0720-19.jpg\" alt=\"\" class=\"wp-image-262\" srcset=\"http:\/\/wgphoto.pl\/t\/wp-content\/uploads\/20130605222049_0720-19.jpg 600w, http:\/\/wgphoto.pl\/t\/wp-content\/uploads\/20130605222049_0720-19-200x300.jpg 200w\" sizes=\"auto, (max-width: 600px) 100vw, 600px\" \/><\/figure>\n\n\n\n<div class=\"wp-block-group has-global-padding is-layout-constrained wp-block-group-is-layout-constrained\">\n<p class=\"has-text-align-left\">Wiede\u0144, Wiedner Hauptstra\u00dfe. E1 4672 za moment zag\u0142\u0119bi si\u0119 w tunelu tutejszego premetra. Za dwa lata, po wycofaniu z wiede\u0144skich tor\u00f3w, trafi za\u015b do rumu\u0144skiej Brai\u0142y. [09.08.2007]<\/p>\n<\/div>\n","protected":false},"excerpt":{"rendered":"<p>Wiede\u0144, Wiedner Hauptstra\u00dfe. E1 4672 za moment zag\u0142\u0119bi si\u0119 w tunelu tutejszego premetra. Za dwa lata, po wycofaniu z wiede\u0144skich tor\u00f3w, trafi za\u015b do rumu\u0144skiej Brai\u0142y. [09.08.2007]<\/p>\n","protected":false},"author":1,"featured_media":262,"comment_status":"open","ping_status":"","sticky":false,"template":"","format":"standard","meta":{"footnotes":""},"categories":[62,128,96,3],"tags":[100,9,102,101,103,97,98],"class_list":["post-261","post","type-post","status-publish","format-standard","has-post-thumbnail","hentry","category-analog","category-pionowe","category-rok-2007","category-tramwaj","tag-2007-08-09","tag-austria","tag-e1","tag-gt6","tag-premetro","tag-wieden","tag-wiener-linien"],"_links":{"self":[{"href":"http:\/\/wgphoto.pl\/t\/index.php?rest_route=\/wp\/v2\/posts\/261","targetHints":{"allow":["GET"]}}],"collection":[{"href":"http:\/\/wgphoto.pl\/t\/index.php?rest_route=\/wp\/v2\/posts"}],"about":[{"href":"http:\/\/wgphoto.pl\/t\/index.php?rest_route=\/wp\/v2\/types\/post"}],"author":[{"embeddable":true,"href":"http:\/\/wgphoto.pl\/t\/index.php?rest_route=\/wp\/v2\/users\/1"}],"replies":[{"embeddable":true,"href":"http:\/\/wgphoto.pl\/t\/index.php?rest_route=%2Fwp%2Fv2%2Fcomments&post=261"}],"version-history":[{"count":4,"href":"http:\/\/wgphoto.pl\/t\/index.php?rest_route=\/wp\/v2\/posts\/261\/revisions"}],"predecessor-version":[{"id":447,"href":"http:\/\/wgphoto.pl\/t\/index.php?rest_route=\/wp\/v2\/posts\/261\/revisions\/447"}],"wp:featuredmedia":[{"embeddable":true,"href":"http:\/\/wgphoto.pl\/t\/index.php?rest_route=\/wp\/v2\/media\/262"}],"wp:attachment":[{"href":"http:\/\/wgphoto.pl\/t\/index.php?rest_route=%2Fwp%2Fv2%2Fmedia&parent=261"}],"wp:term":[{"taxonomy":"category","embeddable":true,"href":"http:\/\/wgphoto.pl\/t\/index.php?rest_route=%2Fwp%2Fv2%2Fcategories&post=261"},{"taxonomy":"post_tag","embeddable":true,"href":"http:\/\/wgphoto.pl\/t\/index.php?rest_route=%2Fwp%2Fv2%2Ftags&post=261"}],"curies":[{"name":"wp","href":"https:\/\/api.w.org\/{rel}","templated":true}]}}