{"id":2627,"date":"2024-10-13T21:59:40","date_gmt":"2024-10-13T19:59:40","guid":{"rendered":"https:\/\/wgphoto.pl\/t\/?p=2627"},"modified":"2024-10-13T21:59:40","modified_gmt":"2024-10-13T19:59:40","slug":"linienverkehr-frei","status":"publish","type":"post","link":"http:\/\/wgphoto.pl\/t\/?p=2627","title":{"rendered":"Linienverkehr frei"},"content":{"rendered":"\n<figure class=\"wp-block-image aligncenter size-full\"><img loading=\"lazy\" decoding=\"async\" width=\"1200\" height=\"803\" src=\"https:\/\/wgphoto.pl\/t\/wp-content\/uploads\/2024\/10\/IMGP9868.jpg\" alt=\"\" class=\"wp-image-2628\" srcset=\"http:\/\/wgphoto.pl\/t\/wp-content\/uploads\/2024\/10\/IMGP9868.jpg 1200w, http:\/\/wgphoto.pl\/t\/wp-content\/uploads\/2024\/10\/IMGP9868-300x201.jpg 300w, http:\/\/wgphoto.pl\/t\/wp-content\/uploads\/2024\/10\/IMGP9868-768x514.jpg 768w\" sizes=\"auto, (max-width: 1200px) 100vw, 1200px\" \/><\/figure>\n\n\n\n<div class=\"wp-block-group has-global-padding is-layout-constrained wp-block-group-is-layout-constrained\">\n<p>Zwickau, Gewandhausstra\u00dfe (tramwaj mija Hauptmarkt). Zabytkowej zabudowy nikt nie b\u0119dzie wyburza\u0142, ale dla niemieckich tramwaj\u00f3w nie jest to problemem by obs\u0142u\u017cy\u0107 star\u00f3wk\u0119. 11.09.2009<\/p>\n<\/div>\n","protected":false},"excerpt":{"rendered":"<p>Zwickau, Gewandhausstra\u00dfe (tramwaj mija Hauptmarkt). Zabytkowej zabudowy nikt nie b\u0119dzie wyburza\u0142, ale dla niemieckich tramwaj\u00f3w nie jest to problemem by obs\u0142u\u017cy\u0107 star\u00f3wk\u0119. 11.09.2009<\/p>\n","protected":false},"author":1,"featured_media":2628,"comment_status":"open","ping_status":"","sticky":false,"template":"","format":"standard","meta":{"footnotes":""},"categories":[169,3],"tags":[1334,1265,23,1333,1335,1332],"class_list":["post-2627","post","type-post","status-publish","format-standard","has-post-thumbnail","hentry","category-rok-2009","category-tramwaj","tag-2009-09-11","tag-gtxn","tag-niemcy","tag-splot","tag-svz-zwickau","tag-zwickau"],"_links":{"self":[{"href":"http:\/\/wgphoto.pl\/t\/index.php?rest_route=\/wp\/v2\/posts\/2627","targetHints":{"allow":["GET"]}}],"collection":[{"href":"http:\/\/wgphoto.pl\/t\/index.php?rest_route=\/wp\/v2\/posts"}],"about":[{"href":"http:\/\/wgphoto.pl\/t\/index.php?rest_route=\/wp\/v2\/types\/post"}],"author":[{"embeddable":true,"href":"http:\/\/wgphoto.pl\/t\/index.php?rest_route=\/wp\/v2\/users\/1"}],"replies":[{"embeddable":true,"href":"http:\/\/wgphoto.pl\/t\/index.php?rest_route=%2Fwp%2Fv2%2Fcomments&post=2627"}],"version-history":[{"count":1,"href":"http:\/\/wgphoto.pl\/t\/index.php?rest_route=\/wp\/v2\/posts\/2627\/revisions"}],"predecessor-version":[{"id":2629,"href":"http:\/\/wgphoto.pl\/t\/index.php?rest_route=\/wp\/v2\/posts\/2627\/revisions\/2629"}],"wp:featuredmedia":[{"embeddable":true,"href":"http:\/\/wgphoto.pl\/t\/index.php?rest_route=\/wp\/v2\/media\/2628"}],"wp:attachment":[{"href":"http:\/\/wgphoto.pl\/t\/index.php?rest_route=%2Fwp%2Fv2%2Fmedia&parent=2627"}],"wp:term":[{"taxonomy":"category","embeddable":true,"href":"http:\/\/wgphoto.pl\/t\/index.php?rest_route=%2Fwp%2Fv2%2Fcategories&post=2627"},{"taxonomy":"post_tag","embeddable":true,"href":"http:\/\/wgphoto.pl\/t\/index.php?rest_route=%2Fwp%2Fv2%2Ftags&post=2627"}],"curies":[{"name":"wp","href":"https:\/\/api.w.org\/{rel}","templated":true}]}}