{"id":264,"date":"2024-09-28T21:56:18","date_gmt":"2024-09-28T19:56:18","guid":{"rendered":"https:\/\/wgphoto.pl\/t\/?p=264"},"modified":"2025-01-05T00:12:23","modified_gmt":"2025-01-04T23:12:23","slug":"padalo-troszke","status":"publish","type":"post","link":"http:\/\/wgphoto.pl\/t\/?p=264","title":{"rendered":"Pada\u0142o troszk\u0119"},"content":{"rendered":"\n<figure class=\"wp-block-image aligncenter size-full\"><img loading=\"lazy\" decoding=\"async\" width=\"1300\" height=\"861\" src=\"https:\/\/wgphoto.pl\/t\/wp-content\/uploads\/20150829173943_imgp2460.jpg\" alt=\"\" class=\"wp-image-265\" srcset=\"http:\/\/wgphoto.pl\/t\/wp-content\/uploads\/20150829173943_imgp2460.jpg 1300w, http:\/\/wgphoto.pl\/t\/wp-content\/uploads\/20150829173943_imgp2460-300x199.jpg 300w, http:\/\/wgphoto.pl\/t\/wp-content\/uploads\/20150829173943_imgp2460-768x509.jpg 768w\" sizes=\"auto, (max-width: 1300px) 100vw, 1300px\" \/><\/figure>\n\n\n\n<div class=\"wp-block-group has-global-padding is-layout-constrained wp-block-group-is-layout-constrained\">\n<p class=\"has-text-align-left\">Segedyn, Kelemen L\u00e1szl\u00f3 utca. W sumie to wol\u0119 tak\u0105 pogod\u0119, o ile tylko obiektywu mi deszcz nie zalewa, bo przy s\u0142o\u0144cu w takiej studni mi\u0119dzy kamienicami to bym raczej zdj\u0119cia nie zrobi\u0142. [21.08.2015]<\/p>\n<\/div>\n","protected":false},"excerpt":{"rendered":"<p>Segedyn, Kelemen L\u00e1szl\u00f3 utca. W sumie to wol\u0119 tak\u0105 pogod\u0119, o ile tylko obiektywu mi deszcz nie zalewa, bo przy s\u0142o\u0144cu w takiej studni mi\u0119dzy kamienicami to bym raczej zdj\u0119cia nie zrobi\u0142. [21.08.2015]<\/p>\n","protected":false},"author":1,"featured_media":265,"comment_status":"open","ping_status":"","sticky":false,"template":"","format":"standard","meta":{"footnotes":""},"categories":[104,3],"tags":[109,13,1161,106,107,105],"class_list":["post-264","post","type-post","status-publish","format-standard","has-post-thumbnail","hentry","category-rok-2015","category-tramwaj","tag-2015-08-21","tag-deszcz","tag-pesa-swing","tag-segedyn","tag-wakacje-2015","tag-wegry"],"_links":{"self":[{"href":"http:\/\/wgphoto.pl\/t\/index.php?rest_route=\/wp\/v2\/posts\/264","targetHints":{"allow":["GET"]}}],"collection":[{"href":"http:\/\/wgphoto.pl\/t\/index.php?rest_route=\/wp\/v2\/posts"}],"about":[{"href":"http:\/\/wgphoto.pl\/t\/index.php?rest_route=\/wp\/v2\/types\/post"}],"author":[{"embeddable":true,"href":"http:\/\/wgphoto.pl\/t\/index.php?rest_route=\/wp\/v2\/users\/1"}],"replies":[{"embeddable":true,"href":"http:\/\/wgphoto.pl\/t\/index.php?rest_route=%2Fwp%2Fv2%2Fcomments&post=264"}],"version-history":[{"count":3,"href":"http:\/\/wgphoto.pl\/t\/index.php?rest_route=\/wp\/v2\/posts\/264\/revisions"}],"predecessor-version":[{"id":446,"href":"http:\/\/wgphoto.pl\/t\/index.php?rest_route=\/wp\/v2\/posts\/264\/revisions\/446"}],"wp:featuredmedia":[{"embeddable":true,"href":"http:\/\/wgphoto.pl\/t\/index.php?rest_route=\/wp\/v2\/media\/265"}],"wp:attachment":[{"href":"http:\/\/wgphoto.pl\/t\/index.php?rest_route=%2Fwp%2Fv2%2Fmedia&parent=264"}],"wp:term":[{"taxonomy":"category","embeddable":true,"href":"http:\/\/wgphoto.pl\/t\/index.php?rest_route=%2Fwp%2Fv2%2Fcategories&post=264"},{"taxonomy":"post_tag","embeddable":true,"href":"http:\/\/wgphoto.pl\/t\/index.php?rest_route=%2Fwp%2Fv2%2Ftags&post=264"}],"curies":[{"name":"wp","href":"https:\/\/api.w.org\/{rel}","templated":true}]}}