{"id":2657,"date":"2024-10-13T22:11:17","date_gmt":"2024-10-13T20:11:17","guid":{"rendered":"https:\/\/wgphoto.pl\/t\/?p=2657"},"modified":"2024-10-13T22:11:17","modified_gmt":"2024-10-13T20:11:17","slug":"742-148-0-vrchlabi","status":"publish","type":"post","link":"http:\/\/wgphoto.pl\/t\/?p=2657","title":{"rendered":"742 148-0, Vrchlab\u00ed"},"content":{"rendered":"\n<figure class=\"wp-block-image aligncenter size-full\"><img loading=\"lazy\" decoding=\"async\" width=\"1200\" height=\"803\" src=\"https:\/\/wgphoto.pl\/t\/wp-content\/uploads\/2024\/10\/IMGP9195.jpg\" alt=\"\" class=\"wp-image-2658\" srcset=\"http:\/\/wgphoto.pl\/t\/wp-content\/uploads\/2024\/10\/IMGP9195.jpg 1200w, http:\/\/wgphoto.pl\/t\/wp-content\/uploads\/2024\/10\/IMGP9195-300x201.jpg 300w, http:\/\/wgphoto.pl\/t\/wp-content\/uploads\/2024\/10\/IMGP9195-768x514.jpg 768w\" sizes=\"auto, (max-width: 1200px) 100vw, 1200px\" \/><\/figure>\n\n\n\n<div class=\"wp-block-group has-global-padding is-layout-constrained wp-block-group-is-layout-constrained\">\n<p>Na kolejowym ko\u0144cu \u015bwiata opr\u00f3cz ma\u0142ego motoraka mo\u017cna czasem spotka\u0107 porz\u0105dny poci\u0105g. \ud83d\ude09 06.09.2009<\/p>\n<\/div>\n","protected":false},"excerpt":{"rendered":"<p>Na kolejowym ko\u0144cu \u015bwiata opr\u00f3cz ma\u0142ego motoraka mo\u017cna czasem spotka\u0107 porz\u0105dny poci\u0105g. \ud83d\ude09 06.09.2009<\/p>\n","protected":false},"author":1,"featured_media":2658,"comment_status":"open","ping_status":"","sticky":false,"template":"","format":"standard","meta":{"footnotes":""},"categories":[2,169],"tags":[870,496,92,50,49,114,94,1351,1352],"class_list":["post-2657","post","type-post","status-publish","format-standard","has-post-thumbnail","hentry","category-kolej","category-rok-2009","tag-2009-09-06","tag-496","tag-92","tag-cd","tag-czechy","tag-gory","tag-na-kolejowym-koncu-swiata","tag-tab-cz044","tag-vrchlabi"],"_links":{"self":[{"href":"http:\/\/wgphoto.pl\/t\/index.php?rest_route=\/wp\/v2\/posts\/2657","targetHints":{"allow":["GET"]}}],"collection":[{"href":"http:\/\/wgphoto.pl\/t\/index.php?rest_route=\/wp\/v2\/posts"}],"about":[{"href":"http:\/\/wgphoto.pl\/t\/index.php?rest_route=\/wp\/v2\/types\/post"}],"author":[{"embeddable":true,"href":"http:\/\/wgphoto.pl\/t\/index.php?rest_route=\/wp\/v2\/users\/1"}],"replies":[{"embeddable":true,"href":"http:\/\/wgphoto.pl\/t\/index.php?rest_route=%2Fwp%2Fv2%2Fcomments&post=2657"}],"version-history":[{"count":1,"href":"http:\/\/wgphoto.pl\/t\/index.php?rest_route=\/wp\/v2\/posts\/2657\/revisions"}],"predecessor-version":[{"id":2659,"href":"http:\/\/wgphoto.pl\/t\/index.php?rest_route=\/wp\/v2\/posts\/2657\/revisions\/2659"}],"wp:featuredmedia":[{"embeddable":true,"href":"http:\/\/wgphoto.pl\/t\/index.php?rest_route=\/wp\/v2\/media\/2658"}],"wp:attachment":[{"href":"http:\/\/wgphoto.pl\/t\/index.php?rest_route=%2Fwp%2Fv2%2Fmedia&parent=2657"}],"wp:term":[{"taxonomy":"category","embeddable":true,"href":"http:\/\/wgphoto.pl\/t\/index.php?rest_route=%2Fwp%2Fv2%2Fcategories&post=2657"},{"taxonomy":"post_tag","embeddable":true,"href":"http:\/\/wgphoto.pl\/t\/index.php?rest_route=%2Fwp%2Fv2%2Ftags&post=2657"}],"curies":[{"name":"wp","href":"https:\/\/api.w.org\/{rel}","templated":true}]}}