{"id":2669,"date":"2024-10-13T22:15:44","date_gmt":"2024-10-13T20:15:44","guid":{"rendered":"https:\/\/wgphoto.pl\/t\/?p=2669"},"modified":"2024-10-13T22:15:44","modified_gmt":"2024-10-13T20:15:44","slug":"fala","status":"publish","type":"post","link":"http:\/\/wgphoto.pl\/t\/?p=2669","title":{"rendered":"Fala"},"content":{"rendered":"\n<figure class=\"wp-block-image aligncenter size-full\"><img loading=\"lazy\" decoding=\"async\" width=\"1200\" height=\"795\" src=\"https:\/\/wgphoto.pl\/t\/wp-content\/uploads\/2024\/10\/IMGP4859.jpg\" alt=\"\" class=\"wp-image-2670\" srcset=\"http:\/\/wgphoto.pl\/t\/wp-content\/uploads\/2024\/10\/IMGP4859.jpg 1200w, http:\/\/wgphoto.pl\/t\/wp-content\/uploads\/2024\/10\/IMGP4859-300x199.jpg 300w, http:\/\/wgphoto.pl\/t\/wp-content\/uploads\/2024\/10\/IMGP4859-768x509.jpg 768w\" sizes=\"auto, (max-width: 1200px) 100vw, 1200px\" \/><\/figure>\n\n\n\n<div class=\"wp-block-group has-global-padding is-layout-constrained wp-block-group-is-layout-constrained\">\n<p>Koszyce, ul. Slaneck\u00e1. <em>Tatra<\/em> p\u0142ynie po falistych szynach mi\u0119dzy przystankami Lado\u017esk\u00e1 i Dnepersk\u00e1. Tak sklawiszowan\u0105 p\u0142yt\u0119 w\u0119giersk\u0105 widzia\u0142em tylko w Budapeszcie. Je\u017adzi\u0142o si\u0119 po niej, zgodnie z miejscowym zwyczajem, przepisowe 10 km\/h, a zanim j\u0105 zd\u0105\u017cy\u0142em sfotografowa\u0107 przy nast\u0119pnej wizycie po roku, ju\u017c zosta\u0142a naprawiona. Tutaj te\u017c wisi jakie\u015b ograniczenie pr\u0119dko\u015bci (wida\u0107 jego odwo\u0142anie), ale S\u0142owacy zapieprzaj\u0105 50 km\/h jak nie lepiej. 16.08.2019<\/p>\n<\/div>\n","protected":false},"excerpt":{"rendered":"<p>Koszyce, ul. Slaneck\u00e1. Tatra p\u0142ynie po falistych szynach mi\u0119dzy przystankami Lado\u017esk\u00e1 i Dnepersk\u00e1. Tak sklawiszowan\u0105 p\u0142yt\u0119 w\u0119giersk\u0105 widzia\u0142em tylko w Budapeszcie. Je\u017adzi\u0142o si\u0119 po niej, zgodnie z miejscowym zwyczajem, przepisowe 10 km\/h, a zanim j\u0105 zd\u0105\u017cy\u0142em sfotografowa\u0107 przy nast\u0119pnej wizycie po roku, ju\u017c zosta\u0142a naprawiona. Tutaj te\u017c wisi jakie\u015b ograniczenie pr\u0119dko\u015bci (wida\u0107 jego odwo\u0142anie), ale [&hellip;]<\/p>\n","protected":false},"author":1,"featured_media":2670,"comment_status":"open","ping_status":"","sticky":false,"template":"","format":"standard","meta":{"footnotes":""},"categories":[136,3],"tags":[1357,1359,230,173,1358,1168,675,1075],"class_list":["post-2669","post","type-post","status-publish","format-standard","has-post-thumbnail","hentry","category-rok-2019","category-tramwaj","tag-2019-08-16","tag-dpmk-kosice","tag-infrastruktura","tag-koncowki","tag-koszyce","tag-sierpniowka-2019","tag-slowacja","tag-tatra-kt8"],"_links":{"self":[{"href":"http:\/\/wgphoto.pl\/t\/index.php?rest_route=\/wp\/v2\/posts\/2669","targetHints":{"allow":["GET"]}}],"collection":[{"href":"http:\/\/wgphoto.pl\/t\/index.php?rest_route=\/wp\/v2\/posts"}],"about":[{"href":"http:\/\/wgphoto.pl\/t\/index.php?rest_route=\/wp\/v2\/types\/post"}],"author":[{"embeddable":true,"href":"http:\/\/wgphoto.pl\/t\/index.php?rest_route=\/wp\/v2\/users\/1"}],"replies":[{"embeddable":true,"href":"http:\/\/wgphoto.pl\/t\/index.php?rest_route=%2Fwp%2Fv2%2Fcomments&post=2669"}],"version-history":[{"count":1,"href":"http:\/\/wgphoto.pl\/t\/index.php?rest_route=\/wp\/v2\/posts\/2669\/revisions"}],"predecessor-version":[{"id":2671,"href":"http:\/\/wgphoto.pl\/t\/index.php?rest_route=\/wp\/v2\/posts\/2669\/revisions\/2671"}],"wp:featuredmedia":[{"embeddable":true,"href":"http:\/\/wgphoto.pl\/t\/index.php?rest_route=\/wp\/v2\/media\/2670"}],"wp:attachment":[{"href":"http:\/\/wgphoto.pl\/t\/index.php?rest_route=%2Fwp%2Fv2%2Fmedia&parent=2669"}],"wp:term":[{"taxonomy":"category","embeddable":true,"href":"http:\/\/wgphoto.pl\/t\/index.php?rest_route=%2Fwp%2Fv2%2Fcategories&post=2669"},{"taxonomy":"post_tag","embeddable":true,"href":"http:\/\/wgphoto.pl\/t\/index.php?rest_route=%2Fwp%2Fv2%2Ftags&post=2669"}],"curies":[{"name":"wp","href":"https:\/\/api.w.org\/{rel}","templated":true}]}}