{"id":267,"date":"2024-09-28T21:59:35","date_gmt":"2024-09-28T19:59:35","guid":{"rendered":"https:\/\/wgphoto.pl\/t\/?p=267"},"modified":"2025-08-09T13:20:44","modified_gmt":"2025-08-09T11:20:44","slug":"troche-gor","status":"publish","type":"post","link":"http:\/\/wgphoto.pl\/t\/?p=267","title":{"rendered":"Troch\u0119 g\u00f3r"},"content":{"rendered":"\n<figure class=\"wp-block-image aligncenter size-full\"><img loading=\"lazy\" decoding=\"async\" width=\"1200\" height=\"800\" src=\"https:\/\/wgphoto.pl\/t\/wp-content\/uploads\/20150905113339_imgp1248.jpg\" alt=\"\" class=\"wp-image-268\" srcset=\"http:\/\/wgphoto.pl\/t\/wp-content\/uploads\/20150905113339_imgp1248.jpg 1200w, http:\/\/wgphoto.pl\/t\/wp-content\/uploads\/20150905113339_imgp1248-300x200.jpg 300w, http:\/\/wgphoto.pl\/t\/wp-content\/uploads\/20150905113339_imgp1248-768x512.jpg 768w\" sizes=\"auto, (max-width: 1200px) 100vw, 1200px\" \/><\/figure>\n\n\n\n<div class=\"wp-block-group has-global-padding is-layout-constrained wp-block-group-is-layout-constrained\">\n<p class=\"has-text-align-left\">Poci\u0105g regionalny 20969 z Udine do Trieste Centrale, obs\u0142ugiwany jednostk\u0105 z rodziny CAF Civity (seria ETR563), za kilka minut osi\u0105gnie stacj\u0119 docelow\u0105. 15.08.2015<\/p>\n<\/div>\n","protected":false},"excerpt":{"rendered":"<p>Poci\u0105g regionalny 20969 z Udine do Trieste Centrale, obs\u0142ugiwany jednostk\u0105 z rodziny CAF Civity (seria ETR563), za kilka minut osi\u0105gnie stacj\u0119 docelow\u0105. 15.08.2015<\/p>\n","protected":false},"author":1,"featured_media":268,"comment_status":"open","ping_status":"","sticky":false,"template":"","format":"standard","meta":{"footnotes":""},"categories":[2,104],"tags":[115,4463,112,114,113,111,107,110],"class_list":["post-267","post","type-post","status-publish","format-standard","has-post-thumbnail","hentry","category-kolej","category-rok-2015","tag-2015-08-15","tag-caf-civity","tag-fs","tag-gory","tag-landszaft","tag-triest","tag-wakacje-2015","tag-wlochy"],"_links":{"self":[{"href":"http:\/\/wgphoto.pl\/t\/index.php?rest_route=\/wp\/v2\/posts\/267","targetHints":{"allow":["GET"]}}],"collection":[{"href":"http:\/\/wgphoto.pl\/t\/index.php?rest_route=\/wp\/v2\/posts"}],"about":[{"href":"http:\/\/wgphoto.pl\/t\/index.php?rest_route=\/wp\/v2\/types\/post"}],"author":[{"embeddable":true,"href":"http:\/\/wgphoto.pl\/t\/index.php?rest_route=\/wp\/v2\/users\/1"}],"replies":[{"embeddable":true,"href":"http:\/\/wgphoto.pl\/t\/index.php?rest_route=%2Fwp%2Fv2%2Fcomments&post=267"}],"version-history":[{"count":6,"href":"http:\/\/wgphoto.pl\/t\/index.php?rest_route=\/wp\/v2\/posts\/267\/revisions"}],"predecessor-version":[{"id":21624,"href":"http:\/\/wgphoto.pl\/t\/index.php?rest_route=\/wp\/v2\/posts\/267\/revisions\/21624"}],"wp:featuredmedia":[{"embeddable":true,"href":"http:\/\/wgphoto.pl\/t\/index.php?rest_route=\/wp\/v2\/media\/268"}],"wp:attachment":[{"href":"http:\/\/wgphoto.pl\/t\/index.php?rest_route=%2Fwp%2Fv2%2Fmedia&parent=267"}],"wp:term":[{"taxonomy":"category","embeddable":true,"href":"http:\/\/wgphoto.pl\/t\/index.php?rest_route=%2Fwp%2Fv2%2Fcategories&post=267"},{"taxonomy":"post_tag","embeddable":true,"href":"http:\/\/wgphoto.pl\/t\/index.php?rest_route=%2Fwp%2Fv2%2Ftags&post=267"}],"curies":[{"name":"wp","href":"https:\/\/api.w.org\/{rel}","templated":true}]}}