{"id":2672,"date":"2024-10-13T22:16:59","date_gmt":"2024-10-13T20:16:59","guid":{"rendered":"https:\/\/wgphoto.pl\/t\/?p=2672"},"modified":"2024-10-13T22:16:59","modified_gmt":"2024-10-13T20:16:59","slug":"jedzie-cyrk","status":"publish","type":"post","link":"http:\/\/wgphoto.pl\/t\/?p=2672","title":{"rendered":"Jedzie cyrk"},"content":{"rendered":"\n<figure class=\"wp-block-image aligncenter size-full\"><img loading=\"lazy\" decoding=\"async\" width=\"1200\" height=\"795\" src=\"https:\/\/wgphoto.pl\/t\/wp-content\/uploads\/2024\/10\/IMGP6804.jpg\" alt=\"\" class=\"wp-image-2673\" srcset=\"http:\/\/wgphoto.pl\/t\/wp-content\/uploads\/2024\/10\/IMGP6804.jpg 1200w, http:\/\/wgphoto.pl\/t\/wp-content\/uploads\/2024\/10\/IMGP6804-300x199.jpg 300w, http:\/\/wgphoto.pl\/t\/wp-content\/uploads\/2024\/10\/IMGP6804-768x509.jpg 768w\" sizes=\"auto, (max-width: 1200px) 100vw, 1200px\" \/><\/figure>\n\n\n\n<div class=\"wp-block-group has-global-padding is-layout-constrained wp-block-group-is-layout-constrained\">\n<p>Blansko &#8211; Adamov. Poci\u0105g osobowy 4013 relacji R\u00e1jec-Jest\u0159eb\u00ed &#8211; Brno hl.n. zaraz zniknie w Blanensk\u00fdm tunelu. Co za fail &#8211; sk\u0142ad wagon\u00f3w w retrolaku prowadzony wagonami nap\u0119dowymi w Najbrcie (z przodu 560 021-8). Tym niemniej by\u0142 to jedyny obieg Brno &#8211; R\u00e1jec obs\u0142ugiwany &#8222;pantografami&#8221;. Na pozosta\u0142e dwa, pomimo takiego samego planu, wyjecha\u0142y ju\u017c RegioPantery. 07.11.2019<\/p>\n<\/div>\n","protected":false},"excerpt":{"rendered":"<p>Blansko &#8211; Adamov. Poci\u0105g osobowy 4013 relacji R\u00e1jec-Jest\u0159eb\u00ed &#8211; Brno hl.n. zaraz zniknie w Blanensk\u00fdm tunelu. Co za fail &#8211; sk\u0142ad wagon\u00f3w w retrolaku prowadzony wagonami nap\u0119dowymi w Najbrcie (z przodu 560 021-8). Tym niemniej by\u0142 to jedyny obieg Brno &#8211; R\u00e1jec obs\u0142ugiwany &#8222;pantografami&#8221;. Na pozosta\u0142e dwa, pomimo takiego samego planu, wyjecha\u0142y ju\u017c RegioPantery. 07.11.2019<\/p>\n","protected":false},"author":1,"featured_media":2673,"comment_status":"open","ping_status":"","sticky":false,"template":"","format":"standard","meta":{"footnotes":""},"categories":[2,136],"tags":[1361,885,1360,883,50,49,126,884],"class_list":["post-2672","post","type-post","status-publish","format-standard","has-post-thumbnail","hentry","category-kolej","category-rok-2019","tag-2019-11-07","tag-885","tag-adamov","tag-blansko","tag-cd","tag-czechy","tag-jesien","tag-tab-cz260"],"_links":{"self":[{"href":"http:\/\/wgphoto.pl\/t\/index.php?rest_route=\/wp\/v2\/posts\/2672","targetHints":{"allow":["GET"]}}],"collection":[{"href":"http:\/\/wgphoto.pl\/t\/index.php?rest_route=\/wp\/v2\/posts"}],"about":[{"href":"http:\/\/wgphoto.pl\/t\/index.php?rest_route=\/wp\/v2\/types\/post"}],"author":[{"embeddable":true,"href":"http:\/\/wgphoto.pl\/t\/index.php?rest_route=\/wp\/v2\/users\/1"}],"replies":[{"embeddable":true,"href":"http:\/\/wgphoto.pl\/t\/index.php?rest_route=%2Fwp%2Fv2%2Fcomments&post=2672"}],"version-history":[{"count":1,"href":"http:\/\/wgphoto.pl\/t\/index.php?rest_route=\/wp\/v2\/posts\/2672\/revisions"}],"predecessor-version":[{"id":2674,"href":"http:\/\/wgphoto.pl\/t\/index.php?rest_route=\/wp\/v2\/posts\/2672\/revisions\/2674"}],"wp:featuredmedia":[{"embeddable":true,"href":"http:\/\/wgphoto.pl\/t\/index.php?rest_route=\/wp\/v2\/media\/2673"}],"wp:attachment":[{"href":"http:\/\/wgphoto.pl\/t\/index.php?rest_route=%2Fwp%2Fv2%2Fmedia&parent=2672"}],"wp:term":[{"taxonomy":"category","embeddable":true,"href":"http:\/\/wgphoto.pl\/t\/index.php?rest_route=%2Fwp%2Fv2%2Fcategories&post=2672"},{"taxonomy":"post_tag","embeddable":true,"href":"http:\/\/wgphoto.pl\/t\/index.php?rest_route=%2Fwp%2Fv2%2Ftags&post=2672"}],"curies":[{"name":"wp","href":"https:\/\/api.w.org\/{rel}","templated":true}]}}