{"id":2675,"date":"2024-10-13T22:18:17","date_gmt":"2024-10-13T20:18:17","guid":{"rendered":"https:\/\/wgphoto.pl\/t\/?p=2675"},"modified":"2024-10-13T22:18:17","modified_gmt":"2024-10-13T20:18:17","slug":"362-166-1-ceska-trebova","status":"publish","type":"post","link":"http:\/\/wgphoto.pl\/t\/?p=2675","title":{"rendered":"362 166-1, \u010cesk\u00e1 T\u0159ebov\u00e1"},"content":{"rendered":"\n<figure class=\"wp-block-image aligncenter size-full\"><img loading=\"lazy\" decoding=\"async\" width=\"1200\" height=\"795\" src=\"https:\/\/wgphoto.pl\/t\/wp-content\/uploads\/2024\/10\/IMGP6860.jpg\" alt=\"\" class=\"wp-image-2677\" srcset=\"http:\/\/wgphoto.pl\/t\/wp-content\/uploads\/2024\/10\/IMGP6860.jpg 1200w, http:\/\/wgphoto.pl\/t\/wp-content\/uploads\/2024\/10\/IMGP6860-300x199.jpg 300w, http:\/\/wgphoto.pl\/t\/wp-content\/uploads\/2024\/10\/IMGP6860-768x509.jpg 768w\" sizes=\"auto, (max-width: 1200px) 100vw, 1200px\" \/><\/figure>\n\n\n\n<div class=\"wp-block-group has-global-padding is-layout-constrained wp-block-group-is-layout-constrained\">\n<p>Tytu\u0142owa lokomotywa przyprowadzi\u0142a przyspieszony poci\u0105g z Brna i po podpi\u0119ciu si\u0119 do dw\u00f3ch wagon\u00f3w, stoj\u0105cych tu wcze\u015bniej samotnie, oczekuje zatrudnienia. Coraz mniej pracy jest w Czechach dla takich sk\u0142ad\u00f3w. Ten najprawdopodobniej pojedzie do niedalekich Svitav. 07.11.2019<\/p>\n<\/div>\n","protected":false},"excerpt":{"rendered":"<p>Tytu\u0142owa lokomotywa przyprowadzi\u0142a przyspieszony poci\u0105g z Brna i po podpi\u0119ciu si\u0119 do dw\u00f3ch wagon\u00f3w, stoj\u0105cych tu wcze\u015bniej samotnie, oczekuje zatrudnienia. Coraz mniej pracy jest w Czechach dla takich sk\u0142ad\u00f3w. Ten najprawdopodobniej pojedzie do niedalekich Svitav. 07.11.2019<\/p>\n","protected":false},"author":1,"featured_media":2677,"comment_status":"open","ping_status":"","sticky":false,"template":"","format":"standard","meta":{"footnotes":""},"categories":[2,136],"tags":[1361,1362,50,1363,49,154,24],"class_list":["post-2675","post","type-post","status-publish","format-standard","has-post-thumbnail","hentry","category-kolej","category-rok-2019","tag-2019-11-07","tag-1362","tag-cd","tag-ceska-trebova","tag-czechy","tag-noc","tag-perony"],"_links":{"self":[{"href":"http:\/\/wgphoto.pl\/t\/index.php?rest_route=\/wp\/v2\/posts\/2675","targetHints":{"allow":["GET"]}}],"collection":[{"href":"http:\/\/wgphoto.pl\/t\/index.php?rest_route=\/wp\/v2\/posts"}],"about":[{"href":"http:\/\/wgphoto.pl\/t\/index.php?rest_route=\/wp\/v2\/types\/post"}],"author":[{"embeddable":true,"href":"http:\/\/wgphoto.pl\/t\/index.php?rest_route=\/wp\/v2\/users\/1"}],"replies":[{"embeddable":true,"href":"http:\/\/wgphoto.pl\/t\/index.php?rest_route=%2Fwp%2Fv2%2Fcomments&post=2675"}],"version-history":[{"count":1,"href":"http:\/\/wgphoto.pl\/t\/index.php?rest_route=\/wp\/v2\/posts\/2675\/revisions"}],"predecessor-version":[{"id":2678,"href":"http:\/\/wgphoto.pl\/t\/index.php?rest_route=\/wp\/v2\/posts\/2675\/revisions\/2678"}],"wp:featuredmedia":[{"embeddable":true,"href":"http:\/\/wgphoto.pl\/t\/index.php?rest_route=\/wp\/v2\/media\/2677"}],"wp:attachment":[{"href":"http:\/\/wgphoto.pl\/t\/index.php?rest_route=%2Fwp%2Fv2%2Fmedia&parent=2675"}],"wp:term":[{"taxonomy":"category","embeddable":true,"href":"http:\/\/wgphoto.pl\/t\/index.php?rest_route=%2Fwp%2Fv2%2Fcategories&post=2675"},{"taxonomy":"post_tag","embeddable":true,"href":"http:\/\/wgphoto.pl\/t\/index.php?rest_route=%2Fwp%2Fv2%2Ftags&post=2675"}],"curies":[{"name":"wp","href":"https:\/\/api.w.org\/{rel}","templated":true}]}}