{"id":2686,"date":"2024-10-13T22:22:46","date_gmt":"2024-10-13T20:22:46","guid":{"rendered":"https:\/\/wgphoto.pl\/t\/?p=2686"},"modified":"2026-03-01T00:50:20","modified_gmt":"2026-02-28T23:50:20","slug":"olaias","status":"publish","type":"post","link":"http:\/\/wgphoto.pl\/t\/?p=2686","title":{"rendered":"Olaias"},"content":{"rendered":"\n<figure class=\"wp-block-image aligncenter size-full\"><img loading=\"lazy\" decoding=\"async\" width=\"1200\" height=\"795\" src=\"https:\/\/wgphoto.pl\/t\/wp-content\/uploads\/2024\/10\/IMGP5988.jpg\" alt=\"\" class=\"wp-image-2687\" srcset=\"http:\/\/wgphoto.pl\/t\/wp-content\/uploads\/2024\/10\/IMGP5988.jpg 1200w, http:\/\/wgphoto.pl\/t\/wp-content\/uploads\/2024\/10\/IMGP5988-300x199.jpg 300w, http:\/\/wgphoto.pl\/t\/wp-content\/uploads\/2024\/10\/IMGP5988-768x509.jpg 768w\" sizes=\"auto, (max-width: 1200px) 100vw, 1200px\" \/><\/figure>\n\n\n\n<div class=\"wp-block-group has-global-padding is-layout-constrained wp-block-group-is-layout-constrained\">\n<p>Tytu\u0142ow\u0105 stacj\u0119 zapami\u0119ta\u0142em sobie ju\u017c z pierwszej wizyty w Lizbonie, ale z braku czasu (i dobrze &#8211; bo r\u00f3wnie\u017c z braku mo\u017cliwo\u015bci technicznych w\u00f3wczas) zdj\u0119\u0107 tutaj nie porobi\u0142em. B\u0119d\u0105c wi\u0119c w mie\u015bcie ponownie, wysiad\u0142em tutaj od razu w drodze z lotniska. Lubi\u0119 systemy metra, gdzie na oczach ochrony (typek na s\u0105siednim peronie) mo\u017cna fotografowa\u0107 do woli i na nikim nie robi to \u017cadnego wra\u017cenia. 17.02.2018<\/p>\n<\/div>\n","protected":false},"excerpt":{"rendered":"<p>Tytu\u0142ow\u0105 stacj\u0119 zapami\u0119ta\u0142em sobie ju\u017c z pierwszej wizyty w Lizbonie, ale z braku czasu (i dobrze &#8211; bo r\u00f3wnie\u017c z braku mo\u017cliwo\u015bci technicznych w\u00f3wczas) zdj\u0119\u0107 tutaj nie porobi\u0142em. B\u0119d\u0105c wi\u0119c w mie\u015bcie ponownie, wysiad\u0142em tutaj od razu w drodze z lotniska. Lubi\u0119 systemy metra, gdzie na oczach ochrony (typek na s\u0105siednim peronie) mo\u017cna fotografowa\u0107 do [&hellip;]<\/p>\n","protected":false},"author":1,"featured_media":2687,"comment_status":"open","ping_status":"","sticky":false,"template":"","format":"standard","meta":{"footnotes":""},"categories":[4,156],"tags":[956,173,298,4691,297,505,15],"class_list":["post-2686","post","type-post","status-publish","format-standard","has-post-thumbnail","hentry","category-metro","category-rok-2018","tag-2018-02-17","tag-koncowki","tag-lizbona","tag-metropolitano-de-lisboa","tag-portugalia","tag-portugalia-2018","tag-tunel"],"_links":{"self":[{"href":"http:\/\/wgphoto.pl\/t\/index.php?rest_route=\/wp\/v2\/posts\/2686","targetHints":{"allow":["GET"]}}],"collection":[{"href":"http:\/\/wgphoto.pl\/t\/index.php?rest_route=\/wp\/v2\/posts"}],"about":[{"href":"http:\/\/wgphoto.pl\/t\/index.php?rest_route=\/wp\/v2\/types\/post"}],"author":[{"embeddable":true,"href":"http:\/\/wgphoto.pl\/t\/index.php?rest_route=\/wp\/v2\/users\/1"}],"replies":[{"embeddable":true,"href":"http:\/\/wgphoto.pl\/t\/index.php?rest_route=%2Fwp%2Fv2%2Fcomments&post=2686"}],"version-history":[{"count":1,"href":"http:\/\/wgphoto.pl\/t\/index.php?rest_route=\/wp\/v2\/posts\/2686\/revisions"}],"predecessor-version":[{"id":2688,"href":"http:\/\/wgphoto.pl\/t\/index.php?rest_route=\/wp\/v2\/posts\/2686\/revisions\/2688"}],"wp:featuredmedia":[{"embeddable":true,"href":"http:\/\/wgphoto.pl\/t\/index.php?rest_route=\/wp\/v2\/media\/2687"}],"wp:attachment":[{"href":"http:\/\/wgphoto.pl\/t\/index.php?rest_route=%2Fwp%2Fv2%2Fmedia&parent=2686"}],"wp:term":[{"taxonomy":"category","embeddable":true,"href":"http:\/\/wgphoto.pl\/t\/index.php?rest_route=%2Fwp%2Fv2%2Fcategories&post=2686"},{"taxonomy":"post_tag","embeddable":true,"href":"http:\/\/wgphoto.pl\/t\/index.php?rest_route=%2Fwp%2Fv2%2Ftags&post=2686"}],"curies":[{"name":"wp","href":"https:\/\/api.w.org\/{rel}","templated":true}]}}