{"id":270,"date":"2024-09-28T22:01:53","date_gmt":"2024-09-28T20:01:53","guid":{"rendered":"https:\/\/wgphoto.pl\/t\/?p=270"},"modified":"2026-01-30T20:14:17","modified_gmt":"2026-01-30T19:14:17","slug":"troche-morza","status":"publish","type":"post","link":"http:\/\/wgphoto.pl\/t\/?p=270","title":{"rendered":"Troch\u0119 morza"},"content":{"rendered":"\n<figure class=\"wp-block-image aligncenter size-full\"><img loading=\"lazy\" decoding=\"async\" width=\"1300\" height=\"861\" src=\"https:\/\/wgphoto.pl\/t\/wp-content\/uploads\/20150905113407_imgp1230.jpg\" alt=\"\" class=\"wp-image-271\" srcset=\"http:\/\/wgphoto.pl\/t\/wp-content\/uploads\/20150905113407_imgp1230.jpg 1300w, http:\/\/wgphoto.pl\/t\/wp-content\/uploads\/20150905113407_imgp1230-300x199.jpg 300w, http:\/\/wgphoto.pl\/t\/wp-content\/uploads\/20150905113407_imgp1230-768x509.jpg 768w\" sizes=\"auto, (max-width: 1300px) 100vw, 1300px\" \/><\/figure>\n\n\n\n<div class=\"wp-block-group has-global-padding is-layout-constrained wp-container-core-group-is-layout-97829e9f wp-block-group-is-layout-constrained\" style=\"padding-right:var(--wp--preset--spacing--40);padding-left:var(--wp--preset--spacing--40)\">\n<p class=\"has-text-align-left\">Poci\u0105g 9716 relacji Trieste Centrale &#8211; Torino Porta Nuova rozpoczyna kilkugodzinn\u0105 podr\u00f3\u017c przez p\u00f3\u0142nocne W\u0142ochy jad\u0105c wzd\u0142u\u017c Adriatyku. Sk\u0142ad zestawiony jest z dw\u00f3ch lokomotyw (co przydaje si\u0119 w przypadku tej relacji przy okazji zmiany czo\u0142a w Wenecji Mestre i Mediolanie Centralnym) oraz oko\u0142o 10 najzwyklejszych wagon\u00f3w klasy Z1 &#8211; nie jest to sk\u0142ad zespolony. Zestaw osi\u0105ga vmax = 200 km\/h. Taka kategoria po\u0142\u0105cze\u0144 nosi nazw\u0119 handlow\u0105 Frecciabianca (st\u0105d te\u017c malowanie pojazd\u00f3w na bia\u0142o) i mo\u017cnaby j\u0105 przyr\u00f3wna\u0107 do naszych InterCity. [15.08.2015]<\/p>\n<\/div>\n","protected":false},"excerpt":{"rendered":"<p>Poci\u0105g 9716 relacji Trieste Centrale &#8211; Torino Porta Nuova rozpoczyna kilkugodzinn\u0105 podr\u00f3\u017c przez p\u00f3\u0142nocne W\u0142ochy jad\u0105c wzd\u0142u\u017c Adriatyku. Sk\u0142ad zestawiony jest z dw\u00f3ch lokomotyw (co przydaje si\u0119 w przypadku tej relacji przy okazji zmiany czo\u0142a w Wenecji Mestre i Mediolanie Centralnym) oraz oko\u0142o 10 najzwyklejszych wagon\u00f3w klasy Z1 &#8211; nie jest to sk\u0142ad zespolony. Zestaw [&hellip;]<\/p>\n","protected":false},"author":1,"featured_media":271,"comment_status":"open","ping_status":"","sticky":false,"template":"","format":"standard","meta":{"footnotes":""},"categories":[2,104],"tags":[115,4654,117,112,116,45,111,107,110],"class_list":["post-270","post","type-post","status-publish","format-standard","has-post-thumbnail","hentry","category-kolej","category-rok-2015","tag-2015-08-15","tag-e414","tag-frecciabianca","tag-fs","tag-morze","tag-most","tag-triest","tag-wakacje-2015","tag-wlochy"],"_links":{"self":[{"href":"http:\/\/wgphoto.pl\/t\/index.php?rest_route=\/wp\/v2\/posts\/270","targetHints":{"allow":["GET"]}}],"collection":[{"href":"http:\/\/wgphoto.pl\/t\/index.php?rest_route=\/wp\/v2\/posts"}],"about":[{"href":"http:\/\/wgphoto.pl\/t\/index.php?rest_route=\/wp\/v2\/types\/post"}],"author":[{"embeddable":true,"href":"http:\/\/wgphoto.pl\/t\/index.php?rest_route=\/wp\/v2\/users\/1"}],"replies":[{"embeddable":true,"href":"http:\/\/wgphoto.pl\/t\/index.php?rest_route=%2Fwp%2Fv2%2Fcomments&post=270"}],"version-history":[{"count":7,"href":"http:\/\/wgphoto.pl\/t\/index.php?rest_route=\/wp\/v2\/posts\/270\/revisions"}],"predecessor-version":[{"id":444,"href":"http:\/\/wgphoto.pl\/t\/index.php?rest_route=\/wp\/v2\/posts\/270\/revisions\/444"}],"wp:featuredmedia":[{"embeddable":true,"href":"http:\/\/wgphoto.pl\/t\/index.php?rest_route=\/wp\/v2\/media\/271"}],"wp:attachment":[{"href":"http:\/\/wgphoto.pl\/t\/index.php?rest_route=%2Fwp%2Fv2%2Fmedia&parent=270"}],"wp:term":[{"taxonomy":"category","embeddable":true,"href":"http:\/\/wgphoto.pl\/t\/index.php?rest_route=%2Fwp%2Fv2%2Fcategories&post=270"},{"taxonomy":"post_tag","embeddable":true,"href":"http:\/\/wgphoto.pl\/t\/index.php?rest_route=%2Fwp%2Fv2%2Ftags&post=270"}],"curies":[{"name":"wp","href":"https:\/\/api.w.org\/{rel}","templated":true}]}}