{"id":2771,"date":"2024-10-17T17:30:29","date_gmt":"2024-10-17T15:30:29","guid":{"rendered":"https:\/\/wgphoto.pl\/t\/?p=2771"},"modified":"2024-10-17T17:30:29","modified_gmt":"2024-10-17T15:30:29","slug":"tramwaj-na-skraju-miasta","status":"publish","type":"post","link":"http:\/\/wgphoto.pl\/t\/?p=2771","title":{"rendered":"Tramwaj na skraju miasta"},"content":{"rendered":"\n<figure class=\"wp-block-image aligncenter size-full\"><img loading=\"lazy\" decoding=\"async\" width=\"1200\" height=\"795\" src=\"https:\/\/wgphoto.pl\/t\/wp-content\/uploads\/2024\/10\/IMGP4391.jpg\" alt=\"\" class=\"wp-image-2772\" srcset=\"http:\/\/wgphoto.pl\/t\/wp-content\/uploads\/2024\/10\/IMGP4391.jpg 1200w, http:\/\/wgphoto.pl\/t\/wp-content\/uploads\/2024\/10\/IMGP4391-300x199.jpg 300w, http:\/\/wgphoto.pl\/t\/wp-content\/uploads\/2024\/10\/IMGP4391-768x509.jpg 768w\" sizes=\"auto, (max-width: 1200px) 100vw, 1200px\" \/><\/figure>\n\n\n\n<div class=\"wp-block-group has-global-padding is-layout-constrained wp-block-group-is-layout-constrained\">\n<p>Trasa z osiedla Reform w Magdeburgu, mi\u0119dzy Merkurweg a Leipziger Chaussee. Tramwaj jad\u0105c z blokowiska pocz\u0105tkowo oddala si\u0119 od centrum, by zaliczy\u0107 ostatnie domki jednorodzinne w mie\u015bcie. Tutaj z\u0142apany jest tu\u017c przed obraniem w\u0142a\u015bciwego azymutu. 01.05.2016<\/p>\n<\/div>\n","protected":false},"excerpt":{"rendered":"<p>Trasa z osiedla Reform w Magdeburgu, mi\u0119dzy Merkurweg a Leipziger Chaussee. Tramwaj jad\u0105c z blokowiska pocz\u0105tkowo oddala si\u0119 od centrum, by zaliczy\u0107 ostatnie domki jednorodzinne w mie\u015bcie. Tutaj z\u0142apany jest tu\u017c przed obraniem w\u0142a\u015bciwego azymutu. 01.05.2016<\/p>\n","protected":false},"author":1,"featured_media":2772,"comment_status":"open","ping_status":"","sticky":false,"template":"","format":"standard","meta":{"footnotes":""},"categories":[125,3],"tags":[1407,1408,1405,635,1406,23,176],"class_list":["post-2771","post","type-post","status-publish","format-standard","has-post-thumbnail","hentry","category-rok-2016","category-tramwaj","tag-2016-05-01","tag-alstom-citadis200","tag-magdeburg","tag-majowka-2016","tag-mvb-magdeburg","tag-niemcy","tag-rano"],"_links":{"self":[{"href":"http:\/\/wgphoto.pl\/t\/index.php?rest_route=\/wp\/v2\/posts\/2771","targetHints":{"allow":["GET"]}}],"collection":[{"href":"http:\/\/wgphoto.pl\/t\/index.php?rest_route=\/wp\/v2\/posts"}],"about":[{"href":"http:\/\/wgphoto.pl\/t\/index.php?rest_route=\/wp\/v2\/types\/post"}],"author":[{"embeddable":true,"href":"http:\/\/wgphoto.pl\/t\/index.php?rest_route=\/wp\/v2\/users\/1"}],"replies":[{"embeddable":true,"href":"http:\/\/wgphoto.pl\/t\/index.php?rest_route=%2Fwp%2Fv2%2Fcomments&post=2771"}],"version-history":[{"count":1,"href":"http:\/\/wgphoto.pl\/t\/index.php?rest_route=\/wp\/v2\/posts\/2771\/revisions"}],"predecessor-version":[{"id":2773,"href":"http:\/\/wgphoto.pl\/t\/index.php?rest_route=\/wp\/v2\/posts\/2771\/revisions\/2773"}],"wp:featuredmedia":[{"embeddable":true,"href":"http:\/\/wgphoto.pl\/t\/index.php?rest_route=\/wp\/v2\/media\/2772"}],"wp:attachment":[{"href":"http:\/\/wgphoto.pl\/t\/index.php?rest_route=%2Fwp%2Fv2%2Fmedia&parent=2771"}],"wp:term":[{"taxonomy":"category","embeddable":true,"href":"http:\/\/wgphoto.pl\/t\/index.php?rest_route=%2Fwp%2Fv2%2Fcategories&post=2771"},{"taxonomy":"post_tag","embeddable":true,"href":"http:\/\/wgphoto.pl\/t\/index.php?rest_route=%2Fwp%2Fv2%2Ftags&post=2771"}],"curies":[{"name":"wp","href":"https:\/\/api.w.org\/{rel}","templated":true}]}}