{"id":2774,"date":"2024-10-17T17:31:57","date_gmt":"2024-10-17T15:31:57","guid":{"rendered":"https:\/\/wgphoto.pl\/t\/?p=2774"},"modified":"2024-10-17T17:31:57","modified_gmt":"2024-10-17T15:31:57","slug":"wieczorem-lub-rano","status":"publish","type":"post","link":"http:\/\/wgphoto.pl\/t\/?p=2774","title":{"rendered":"Wieczorem lub rano"},"content":{"rendered":"\n<figure class=\"wp-block-image aligncenter size-full\"><img loading=\"lazy\" decoding=\"async\" width=\"1200\" height=\"795\" src=\"https:\/\/wgphoto.pl\/t\/wp-content\/uploads\/2024\/10\/IMGP6403.jpg\" alt=\"\" class=\"wp-image-2775\" srcset=\"http:\/\/wgphoto.pl\/t\/wp-content\/uploads\/2024\/10\/IMGP6403.jpg 1200w, http:\/\/wgphoto.pl\/t\/wp-content\/uploads\/2024\/10\/IMGP6403-300x199.jpg 300w, http:\/\/wgphoto.pl\/t\/wp-content\/uploads\/2024\/10\/IMGP6403-768x509.jpg 768w\" sizes=\"auto, (max-width: 1200px) 100vw, 1200px\" \/><\/figure>\n\n\n\n<div class=\"wp-block-group has-global-padding is-layout-constrained wp-block-group-is-layout-constrained\">\n<p>Erfurt, Bahnhofstra\u00dfe. Jeden z kilku tutejszych dwukierunk\u00f3w odjecha\u0142 z przystanku zlokalizowanego dok\u0142adnie pod peronami dworca g\u0142\u00f3wnego. Foto powsta\u0142o w pocz\u0105tkach wieczornej &#8222;z\u0142otej godziny&#8221;, lecz na elewacji hali peronowej reklamuj\u0105 si\u0119 produkty kojarz\u0105ce si\u0119 raczej z porankiem: gazeta oraz dobra z tury\u0144skiego mleka. 15.08.2016<\/p>\n<\/div>\n","protected":false},"excerpt":{"rendered":"<p>Erfurt, Bahnhofstra\u00dfe. Jeden z kilku tutejszych dwukierunk\u00f3w odjecha\u0142 z przystanku zlokalizowanego dok\u0142adnie pod peronami dworca g\u0142\u00f3wnego. Foto powsta\u0142o w pocz\u0105tkach wieczornej &#8222;z\u0142otej godziny&#8221;, lecz na elewacji hali peronowej reklamuj\u0105 si\u0119 produkty kojarz\u0105ce si\u0119 raczej z porankiem: gazeta oraz dobra z tury\u0144skiego mleka. 15.08.2016<\/p>\n","protected":false},"author":1,"featured_media":2775,"comment_status":"open","ping_status":"","sticky":false,"template":"","format":"standard","meta":{"footnotes":""},"categories":[125,3],"tags":[413,34,411,412,151,23,380],"class_list":["post-2774","post","type-post","status-publish","format-standard","has-post-thumbnail","hentry","category-rok-2016","category-tramwaj","tag-2016-08-15","tag-architektura","tag-erfurt","tag-evag-erfurt","tag-ludzie","tag-niemcy","tag-spod-dworca"],"_links":{"self":[{"href":"http:\/\/wgphoto.pl\/t\/index.php?rest_route=\/wp\/v2\/posts\/2774","targetHints":{"allow":["GET"]}}],"collection":[{"href":"http:\/\/wgphoto.pl\/t\/index.php?rest_route=\/wp\/v2\/posts"}],"about":[{"href":"http:\/\/wgphoto.pl\/t\/index.php?rest_route=\/wp\/v2\/types\/post"}],"author":[{"embeddable":true,"href":"http:\/\/wgphoto.pl\/t\/index.php?rest_route=\/wp\/v2\/users\/1"}],"replies":[{"embeddable":true,"href":"http:\/\/wgphoto.pl\/t\/index.php?rest_route=%2Fwp%2Fv2%2Fcomments&post=2774"}],"version-history":[{"count":1,"href":"http:\/\/wgphoto.pl\/t\/index.php?rest_route=\/wp\/v2\/posts\/2774\/revisions"}],"predecessor-version":[{"id":2776,"href":"http:\/\/wgphoto.pl\/t\/index.php?rest_route=\/wp\/v2\/posts\/2774\/revisions\/2776"}],"wp:featuredmedia":[{"embeddable":true,"href":"http:\/\/wgphoto.pl\/t\/index.php?rest_route=\/wp\/v2\/media\/2775"}],"wp:attachment":[{"href":"http:\/\/wgphoto.pl\/t\/index.php?rest_route=%2Fwp%2Fv2%2Fmedia&parent=2774"}],"wp:term":[{"taxonomy":"category","embeddable":true,"href":"http:\/\/wgphoto.pl\/t\/index.php?rest_route=%2Fwp%2Fv2%2Fcategories&post=2774"},{"taxonomy":"post_tag","embeddable":true,"href":"http:\/\/wgphoto.pl\/t\/index.php?rest_route=%2Fwp%2Fv2%2Ftags&post=2774"}],"curies":[{"name":"wp","href":"https:\/\/api.w.org\/{rel}","templated":true}]}}