{"id":2792,"date":"2024-10-17T17:38:06","date_gmt":"2024-10-17T15:38:06","guid":{"rendered":"https:\/\/wgphoto.pl\/t\/?p=2792"},"modified":"2024-10-17T17:38:06","modified_gmt":"2024-10-17T15:38:06","slug":"tatra-k2p-1042","status":"publish","type":"post","link":"http:\/\/wgphoto.pl\/t\/?p=2792","title":{"rendered":"Tatra K2P 1042"},"content":{"rendered":"\n<figure class=\"wp-block-image aligncenter size-full\"><img loading=\"lazy\" decoding=\"async\" width=\"1200\" height=\"800\" src=\"https:\/\/wgphoto.pl\/t\/wp-content\/uploads\/2024\/10\/0717-32.jpg\" alt=\"\" class=\"wp-image-2793\" srcset=\"http:\/\/wgphoto.pl\/t\/wp-content\/uploads\/2024\/10\/0717-32.jpg 1200w, http:\/\/wgphoto.pl\/t\/wp-content\/uploads\/2024\/10\/0717-32-300x200.jpg 300w, http:\/\/wgphoto.pl\/t\/wp-content\/uploads\/2024\/10\/0717-32-768x512.jpg 768w\" sizes=\"auto, (max-width: 1200px) 100vw, 1200px\" \/><\/figure>\n\n\n\n<div class=\"wp-block-group has-global-padding is-layout-constrained wp-block-group-is-layout-constrained\">\n<p>Brno, n\u00e1m\u011bst\u00ed Svobody. Przegub na linii x6 &#8211; oznaczenie tego typu jest powszechnie stosowane w Czechach i na S\u0142owacji dla linii zast\u0119pczych lub o zmienionej trasie. 04.08.2007<\/p>\n<\/div>\n","protected":false},"excerpt":{"rendered":"<p>Brno, n\u00e1m\u011bst\u00ed Svobody. Przegub na linii x6 &#8211; oznaczenie tego typu jest powszechnie stosowane w Czechach i na S\u0142owacji dla linii zast\u0119pczych lub o zmienionej trasie. 04.08.2007<\/p>\n","protected":false},"author":1,"featured_media":2793,"comment_status":"open","ping_status":"","sticky":false,"template":"","format":"standard","meta":{"footnotes":""},"categories":[62,96,3],"tags":[1411,34,328,49,239,330,994],"class_list":["post-2792","post","type-post","status-publish","format-standard","has-post-thumbnail","hentry","category-analog","category-rok-2007","category-tramwaj","tag-2007-08-04","tag-architektura","tag-brno","tag-czechy","tag-deptak","tag-dpmb-brno","tag-tatra-k2"],"_links":{"self":[{"href":"http:\/\/wgphoto.pl\/t\/index.php?rest_route=\/wp\/v2\/posts\/2792","targetHints":{"allow":["GET"]}}],"collection":[{"href":"http:\/\/wgphoto.pl\/t\/index.php?rest_route=\/wp\/v2\/posts"}],"about":[{"href":"http:\/\/wgphoto.pl\/t\/index.php?rest_route=\/wp\/v2\/types\/post"}],"author":[{"embeddable":true,"href":"http:\/\/wgphoto.pl\/t\/index.php?rest_route=\/wp\/v2\/users\/1"}],"replies":[{"embeddable":true,"href":"http:\/\/wgphoto.pl\/t\/index.php?rest_route=%2Fwp%2Fv2%2Fcomments&post=2792"}],"version-history":[{"count":1,"href":"http:\/\/wgphoto.pl\/t\/index.php?rest_route=\/wp\/v2\/posts\/2792\/revisions"}],"predecessor-version":[{"id":2794,"href":"http:\/\/wgphoto.pl\/t\/index.php?rest_route=\/wp\/v2\/posts\/2792\/revisions\/2794"}],"wp:featuredmedia":[{"embeddable":true,"href":"http:\/\/wgphoto.pl\/t\/index.php?rest_route=\/wp\/v2\/media\/2793"}],"wp:attachment":[{"href":"http:\/\/wgphoto.pl\/t\/index.php?rest_route=%2Fwp%2Fv2%2Fmedia&parent=2792"}],"wp:term":[{"taxonomy":"category","embeddable":true,"href":"http:\/\/wgphoto.pl\/t\/index.php?rest_route=%2Fwp%2Fv2%2Fcategories&post=2792"},{"taxonomy":"post_tag","embeddable":true,"href":"http:\/\/wgphoto.pl\/t\/index.php?rest_route=%2Fwp%2Fv2%2Ftags&post=2792"}],"curies":[{"name":"wp","href":"https:\/\/api.w.org\/{rel}","templated":true}]}}