{"id":2836,"date":"2024-10-17T17:55:53","date_gmt":"2024-10-17T15:55:53","guid":{"rendered":"https:\/\/wgphoto.pl\/t\/?p=2836"},"modified":"2024-10-17T17:55:53","modified_gmt":"2024-10-17T15:55:53","slug":"sniezka-w-gluszycy","status":"publish","type":"post","link":"http:\/\/wgphoto.pl\/t\/?p=2836","title":{"rendered":"&#8222;\u015anie\u017cka&#8221; w G\u0142uszycy"},"content":{"rendered":"\n<figure class=\"wp-block-image aligncenter size-full\"><img loading=\"lazy\" decoding=\"async\" width=\"1200\" height=\"796\" src=\"https:\/\/wgphoto.pl\/t\/wp-content\/uploads\/2024\/10\/0515-33.jpg\" alt=\"\" class=\"wp-image-2837\" srcset=\"http:\/\/wgphoto.pl\/t\/wp-content\/uploads\/2024\/10\/0515-33.jpg 1200w, http:\/\/wgphoto.pl\/t\/wp-content\/uploads\/2024\/10\/0515-33-300x199.jpg 300w, http:\/\/wgphoto.pl\/t\/wp-content\/uploads\/2024\/10\/0515-33-768x509.jpg 768w\" sizes=\"auto, (max-width: 1200px) 100vw, 1200px\" \/><\/figure>\n\n\n\n<div class=\"wp-block-group has-global-padding is-layout-constrained wp-block-group-is-layout-constrained\">\n<p>SU46-008 z poci\u0105giem pospiesznym 63510 &#8222;\u015anie\u017cka&#8221; relacji Jelenia G\u00f3ra &#8211; Krak\u00f3w G\u0142\u00f3wny przeje\u017cd\u017ca przez wiadukt w G\u0142uszycy G\u00f3rnej. W tle widoczne s\u0105 zabudowania G\u0142uszycy. 16.07.2005<\/p>\n<\/div>\n","protected":false},"excerpt":{"rendered":"<p>SU46-008 z poci\u0105giem pospiesznym 63510 &#8222;\u015anie\u017cka&#8221; relacji Jelenia G\u00f3ra &#8211; Krak\u00f3w G\u0142\u00f3wny przeje\u017cd\u017ca przez wiadukt w G\u0142uszycy G\u00f3rnej. W tle widoczne s\u0105 zabudowania G\u0142uszycy. 16.07.2005<\/p>\n","protected":false},"author":1,"featured_media":2837,"comment_status":"open","ping_status":"","sticky":false,"template":"","format":"standard","meta":{"footnotes":""},"categories":[62,2,311],"tags":[1421,1420,114,113,45,63,27,84,391],"class_list":["post-2836","post","type-post","status-publish","format-standard","has-post-thumbnail","hentry","category-analog","category-kolej","category-rok-2005","tag-2005-07-16","tag-gluszyca-gorna","tag-gory","tag-landszaft","tag-most","tag-pkp","tag-polska","tag-su46","tag-tab-pl245"],"_links":{"self":[{"href":"http:\/\/wgphoto.pl\/t\/index.php?rest_route=\/wp\/v2\/posts\/2836","targetHints":{"allow":["GET"]}}],"collection":[{"href":"http:\/\/wgphoto.pl\/t\/index.php?rest_route=\/wp\/v2\/posts"}],"about":[{"href":"http:\/\/wgphoto.pl\/t\/index.php?rest_route=\/wp\/v2\/types\/post"}],"author":[{"embeddable":true,"href":"http:\/\/wgphoto.pl\/t\/index.php?rest_route=\/wp\/v2\/users\/1"}],"replies":[{"embeddable":true,"href":"http:\/\/wgphoto.pl\/t\/index.php?rest_route=%2Fwp%2Fv2%2Fcomments&post=2836"}],"version-history":[{"count":1,"href":"http:\/\/wgphoto.pl\/t\/index.php?rest_route=\/wp\/v2\/posts\/2836\/revisions"}],"predecessor-version":[{"id":2838,"href":"http:\/\/wgphoto.pl\/t\/index.php?rest_route=\/wp\/v2\/posts\/2836\/revisions\/2838"}],"wp:featuredmedia":[{"embeddable":true,"href":"http:\/\/wgphoto.pl\/t\/index.php?rest_route=\/wp\/v2\/media\/2837"}],"wp:attachment":[{"href":"http:\/\/wgphoto.pl\/t\/index.php?rest_route=%2Fwp%2Fv2%2Fmedia&parent=2836"}],"wp:term":[{"taxonomy":"category","embeddable":true,"href":"http:\/\/wgphoto.pl\/t\/index.php?rest_route=%2Fwp%2Fv2%2Fcategories&post=2836"},{"taxonomy":"post_tag","embeddable":true,"href":"http:\/\/wgphoto.pl\/t\/index.php?rest_route=%2Fwp%2Fv2%2Ftags&post=2836"}],"curies":[{"name":"wp","href":"https:\/\/api.w.org\/{rel}","templated":true}]}}