{"id":2839,"date":"2024-10-17T17:56:58","date_gmt":"2024-10-17T15:56:58","guid":{"rendered":"https:\/\/wgphoto.pl\/t\/?p=2839"},"modified":"2025-01-23T21:13:04","modified_gmt":"2025-01-23T20:13:04","slug":"metro-w-ruinie","status":"publish","type":"post","link":"http:\/\/wgphoto.pl\/t\/?p=2839","title":{"rendered":"Metro w ruinie"},"content":{"rendered":"\n<figure class=\"wp-block-image aligncenter size-full\"><img loading=\"lazy\" decoding=\"async\" width=\"1200\" height=\"795\" src=\"https:\/\/wgphoto.pl\/t\/wp-content\/uploads\/2024\/10\/IMGP8232.jpg\" alt=\"\" class=\"wp-image-2840\" srcset=\"http:\/\/wgphoto.pl\/t\/wp-content\/uploads\/2024\/10\/IMGP8232.jpg 1200w, http:\/\/wgphoto.pl\/t\/wp-content\/uploads\/2024\/10\/IMGP8232-300x199.jpg 300w, http:\/\/wgphoto.pl\/t\/wp-content\/uploads\/2024\/10\/IMGP8232-768x509.jpg 768w\" sizes=\"auto, (max-width: 1200px) 100vw, 1200px\" \/><\/figure>\n\n\n\n<div class=\"wp-block-group has-global-padding is-layout-constrained wp-block-group-is-layout-constrained\">\n<p>Ateny, odcinek Thissio &#8211; Monastiraki. U do\u0142u podziwia\u0107 mo\u017cna fragment ruin staro\u017cytnej agory, u g\u00f3ry &#8211; Akropol, a po\u015brodku a\u017c nazbyt kolorow\u0105 wsp\u00f3\u0142czesno\u015b\u0107 w postaci poci\u0105gu metra linii M1. 07.11.2014<\/p>\n<\/div>\n","protected":false},"excerpt":{"rendered":"<p>Ateny, odcinek Thissio &#8211; Monastiraki. U do\u0142u podziwia\u0107 mo\u017cna fragment ruin staro\u017cytnej agory, u g\u00f3ry &#8211; Akropol, a po\u015brodku a\u017c nazbyt kolorow\u0105 wsp\u00f3\u0142czesno\u015b\u0107 w postaci poci\u0105gu metra linii M1. 07.11.2014<\/p>\n","protected":false},"author":1,"featured_media":2840,"comment_status":"open","ping_status":"","sticky":false,"template":"","format":"standard","meta":{"footnotes":""},"categories":[4,48],"tags":[1422,34,1015,1014,3025,1017],"class_list":["post-2839","post","type-post","status-publish","format-standard","has-post-thumbnail","hentry","category-metro","category-rok-2014","tag-2014-11-07","tag-architektura","tag-ateny","tag-grecja","tag-metro-ateny","tag-1017"],"_links":{"self":[{"href":"http:\/\/wgphoto.pl\/t\/index.php?rest_route=\/wp\/v2\/posts\/2839","targetHints":{"allow":["GET"]}}],"collection":[{"href":"http:\/\/wgphoto.pl\/t\/index.php?rest_route=\/wp\/v2\/posts"}],"about":[{"href":"http:\/\/wgphoto.pl\/t\/index.php?rest_route=\/wp\/v2\/types\/post"}],"author":[{"embeddable":true,"href":"http:\/\/wgphoto.pl\/t\/index.php?rest_route=\/wp\/v2\/users\/1"}],"replies":[{"embeddable":true,"href":"http:\/\/wgphoto.pl\/t\/index.php?rest_route=%2Fwp%2Fv2%2Fcomments&post=2839"}],"version-history":[{"count":1,"href":"http:\/\/wgphoto.pl\/t\/index.php?rest_route=\/wp\/v2\/posts\/2839\/revisions"}],"predecessor-version":[{"id":2841,"href":"http:\/\/wgphoto.pl\/t\/index.php?rest_route=\/wp\/v2\/posts\/2839\/revisions\/2841"}],"wp:featuredmedia":[{"embeddable":true,"href":"http:\/\/wgphoto.pl\/t\/index.php?rest_route=\/wp\/v2\/media\/2840"}],"wp:attachment":[{"href":"http:\/\/wgphoto.pl\/t\/index.php?rest_route=%2Fwp%2Fv2%2Fmedia&parent=2839"}],"wp:term":[{"taxonomy":"category","embeddable":true,"href":"http:\/\/wgphoto.pl\/t\/index.php?rest_route=%2Fwp%2Fv2%2Fcategories&post=2839"},{"taxonomy":"post_tag","embeddable":true,"href":"http:\/\/wgphoto.pl\/t\/index.php?rest_route=%2Fwp%2Fv2%2Ftags&post=2839"}],"curies":[{"name":"wp","href":"https:\/\/api.w.org\/{rel}","templated":true}]}}