{"id":2851,"date":"2024-10-17T18:01:17","date_gmt":"2024-10-17T16:01:17","guid":{"rendered":"https:\/\/wgphoto.pl\/t\/?p=2851"},"modified":"2024-10-17T18:01:17","modified_gmt":"2024-10-17T16:01:17","slug":"kopalnia-pod-domem","status":"publish","type":"post","link":"http:\/\/wgphoto.pl\/t\/?p=2851","title":{"rendered":"Kopalnia pod domem"},"content":{"rendered":"\n<figure class=\"wp-block-image aligncenter size-full\"><img loading=\"lazy\" decoding=\"async\" width=\"1200\" height=\"795\" src=\"https:\/\/wgphoto.pl\/t\/wp-content\/uploads\/2024\/10\/IMGP2432.jpg\" alt=\"\" class=\"wp-image-2852\" srcset=\"http:\/\/wgphoto.pl\/t\/wp-content\/uploads\/2024\/10\/IMGP2432.jpg 1200w, http:\/\/wgphoto.pl\/t\/wp-content\/uploads\/2024\/10\/IMGP2432-300x199.jpg 300w, http:\/\/wgphoto.pl\/t\/wp-content\/uploads\/2024\/10\/IMGP2432-768x509.jpg 768w\" sizes=\"auto, (max-width: 1200px) 100vw, 1200px\" \/><\/figure>\n\n\n\n<div class=\"wp-block-group has-global-padding is-layout-constrained wp-block-group-is-layout-constrained\">\n<p>Ostrawa, skrzy\u017cowanie ul. N\u00e1dra\u017en\u00ed z ul. Valcha\u0159skou. Od kiedy pierwszy raz go zobaczy\u0142em, zawsze robi na mnie wra\u017cenie szyb kopalniany (d\u016fl Jind\u0159ich) wyrastaj\u0105cy spo\u015br\u00f3d \u015br\u00f3dmiejskiej zabudowy. 14.08.2017<\/p>\n<\/div>\n","protected":false},"excerpt":{"rendered":"<p>Ostrawa, skrzy\u017cowanie ul. N\u00e1dra\u017en\u00ed z ul. Valcha\u0159skou. Od kiedy pierwszy raz go zobaczy\u0142em, zawsze robi na mnie wra\u017cenie szyb kopalniany (d\u016fl Jind\u0159ich) wyrastaj\u0105cy spo\u015br\u00f3d \u015br\u00f3dmiejskiej zabudowy. 14.08.2017<\/p>\n","protected":false},"author":1,"featured_media":2852,"comment_status":"open","ping_status":"","sticky":false,"template":"","format":"standard","meta":{"footnotes":""},"categories":[368,3],"tags":[900,49,899,303,897,1075],"class_list":["post-2851","post","type-post","status-publish","format-standard","has-post-thumbnail","hentry","category-rok-2017","category-tramwaj","tag-2017-08-14","tag-czechy","tag-dp-ostrava","tag-industrial","tag-ostrawa","tag-tatra-kt8"],"_links":{"self":[{"href":"http:\/\/wgphoto.pl\/t\/index.php?rest_route=\/wp\/v2\/posts\/2851","targetHints":{"allow":["GET"]}}],"collection":[{"href":"http:\/\/wgphoto.pl\/t\/index.php?rest_route=\/wp\/v2\/posts"}],"about":[{"href":"http:\/\/wgphoto.pl\/t\/index.php?rest_route=\/wp\/v2\/types\/post"}],"author":[{"embeddable":true,"href":"http:\/\/wgphoto.pl\/t\/index.php?rest_route=\/wp\/v2\/users\/1"}],"replies":[{"embeddable":true,"href":"http:\/\/wgphoto.pl\/t\/index.php?rest_route=%2Fwp%2Fv2%2Fcomments&post=2851"}],"version-history":[{"count":1,"href":"http:\/\/wgphoto.pl\/t\/index.php?rest_route=\/wp\/v2\/posts\/2851\/revisions"}],"predecessor-version":[{"id":2853,"href":"http:\/\/wgphoto.pl\/t\/index.php?rest_route=\/wp\/v2\/posts\/2851\/revisions\/2853"}],"wp:featuredmedia":[{"embeddable":true,"href":"http:\/\/wgphoto.pl\/t\/index.php?rest_route=\/wp\/v2\/media\/2852"}],"wp:attachment":[{"href":"http:\/\/wgphoto.pl\/t\/index.php?rest_route=%2Fwp%2Fv2%2Fmedia&parent=2851"}],"wp:term":[{"taxonomy":"category","embeddable":true,"href":"http:\/\/wgphoto.pl\/t\/index.php?rest_route=%2Fwp%2Fv2%2Fcategories&post=2851"},{"taxonomy":"post_tag","embeddable":true,"href":"http:\/\/wgphoto.pl\/t\/index.php?rest_route=%2Fwp%2Fv2%2Ftags&post=2851"}],"curies":[{"name":"wp","href":"https:\/\/api.w.org\/{rel}","templated":true}]}}