{"id":2875,"date":"2024-10-17T18:10:51","date_gmt":"2024-10-17T16:10:51","guid":{"rendered":"https:\/\/wgphoto.pl\/t\/?p=2875"},"modified":"2024-10-17T18:10:51","modified_gmt":"2024-10-17T16:10:51","slug":"miedzynarodowe-spotkanie","status":"publish","type":"post","link":"http:\/\/wgphoto.pl\/t\/?p=2875","title":{"rendered":"Mi\u0119dzynarodowe spotkanie"},"content":{"rendered":"\n<figure class=\"wp-block-image aligncenter size-full\"><img loading=\"lazy\" decoding=\"async\" width=\"1200\" height=\"800\" src=\"https:\/\/wgphoto.pl\/t\/wp-content\/uploads\/2024\/10\/2001e-08a.jpg\" alt=\"\" class=\"wp-image-2876\" srcset=\"http:\/\/wgphoto.pl\/t\/wp-content\/uploads\/2024\/10\/2001e-08a.jpg 1200w, http:\/\/wgphoto.pl\/t\/wp-content\/uploads\/2024\/10\/2001e-08a-300x200.jpg 300w, http:\/\/wgphoto.pl\/t\/wp-content\/uploads\/2024\/10\/2001e-08a-768x512.jpg 768w\" sizes=\"auto, (max-width: 1200px) 100vw, 1200px\" \/><\/figure>\n\n\n\n<div class=\"wp-block-group has-global-padding is-layout-constrained wp-block-group-is-layout-constrained\">\n<p>Pierwszy raz pojecha\u0142em z aparatem do Lubawki, a tam takie zaskoczenie. Opr\u00f3cz osobowego poci\u0105gu z Marciszowa i do Jeleniej G\u00f3ry na stacji sta\u0142 jeszcze towar z Czech, przej\u0119ty ju\u017c przez SM42-1013, a tak\u017ce dwa czeskie <em>kocury<\/em> 742.309-2 i 742.254-6 w ciekawym, jak na seri\u0119 742, malowaniu. 23.02.2001<\/p>\n<\/div>\n","protected":false},"excerpt":{"rendered":"<p>Pierwszy raz pojecha\u0142em z aparatem do Lubawki, a tam takie zaskoczenie. Opr\u00f3cz osobowego poci\u0105gu z Marciszowa i do Jeleniej G\u00f3ry na stacji sta\u0142 jeszcze towar z Czech, przej\u0119ty ju\u017c przez SM42-1013, a tak\u017ce dwa czeskie kocury 742.309-2 i 742.254-6 w ciekawym, jak na seri\u0119 742, malowaniu. 23.02.2001<\/p>\n","protected":false},"author":1,"featured_media":2876,"comment_status":"open","ping_status":"","sticky":false,"template":"","format":"standard","meta":{"footnotes":""},"categories":[62,2,940],"tags":[1436,496,50,249,1435,63,27,473,627,1437],"class_list":["post-2875","post","type-post","status-publish","format-standard","has-post-thumbnail","hentry","category-analog","category-kolej","category-rok-2001","tag-2001-02-23","tag-496","tag-cd","tag-goscinne-wystepy","tag-lubawka","tag-pkp","tag-polska","tag-sm42","tag-tab-pl247","tag-zima"],"_links":{"self":[{"href":"http:\/\/wgphoto.pl\/t\/index.php?rest_route=\/wp\/v2\/posts\/2875","targetHints":{"allow":["GET"]}}],"collection":[{"href":"http:\/\/wgphoto.pl\/t\/index.php?rest_route=\/wp\/v2\/posts"}],"about":[{"href":"http:\/\/wgphoto.pl\/t\/index.php?rest_route=\/wp\/v2\/types\/post"}],"author":[{"embeddable":true,"href":"http:\/\/wgphoto.pl\/t\/index.php?rest_route=\/wp\/v2\/users\/1"}],"replies":[{"embeddable":true,"href":"http:\/\/wgphoto.pl\/t\/index.php?rest_route=%2Fwp%2Fv2%2Fcomments&post=2875"}],"version-history":[{"count":1,"href":"http:\/\/wgphoto.pl\/t\/index.php?rest_route=\/wp\/v2\/posts\/2875\/revisions"}],"predecessor-version":[{"id":2877,"href":"http:\/\/wgphoto.pl\/t\/index.php?rest_route=\/wp\/v2\/posts\/2875\/revisions\/2877"}],"wp:featuredmedia":[{"embeddable":true,"href":"http:\/\/wgphoto.pl\/t\/index.php?rest_route=\/wp\/v2\/media\/2876"}],"wp:attachment":[{"href":"http:\/\/wgphoto.pl\/t\/index.php?rest_route=%2Fwp%2Fv2%2Fmedia&parent=2875"}],"wp:term":[{"taxonomy":"category","embeddable":true,"href":"http:\/\/wgphoto.pl\/t\/index.php?rest_route=%2Fwp%2Fv2%2Fcategories&post=2875"},{"taxonomy":"post_tag","embeddable":true,"href":"http:\/\/wgphoto.pl\/t\/index.php?rest_route=%2Fwp%2Fv2%2Ftags&post=2875"}],"curies":[{"name":"wp","href":"https:\/\/api.w.org\/{rel}","templated":true}]}}