{"id":2881,"date":"2024-10-17T18:13:02","date_gmt":"2024-10-17T16:13:02","guid":{"rendered":"https:\/\/wgphoto.pl\/t\/?p=2881"},"modified":"2024-10-17T18:13:02","modified_gmt":"2024-10-17T16:13:02","slug":"kombinerki-na-deptaku","status":"publish","type":"post","link":"http:\/\/wgphoto.pl\/t\/?p=2881","title":{"rendered":"Kombinerki na deptaku"},"content":{"rendered":"\n<figure class=\"wp-block-image aligncenter size-full\"><img loading=\"lazy\" decoding=\"async\" width=\"1200\" height=\"795\" src=\"https:\/\/wgphoto.pl\/t\/wp-content\/uploads\/2024\/10\/IMGP0590.jpg\" alt=\"\" class=\"wp-image-2882\" srcset=\"http:\/\/wgphoto.pl\/t\/wp-content\/uploads\/2024\/10\/IMGP0590.jpg 1200w, http:\/\/wgphoto.pl\/t\/wp-content\/uploads\/2024\/10\/IMGP0590-300x199.jpg 300w, http:\/\/wgphoto.pl\/t\/wp-content\/uploads\/2024\/10\/IMGP0590-768x509.jpg 768w\" sizes=\"auto, (max-width: 1200px) 100vw, 1200px\" \/><\/figure>\n\n\n\n<div class=\"wp-block-group has-global-padding is-layout-constrained wp-block-group-is-layout-constrained\">\n<p>Amsterdam, Leidsestraat. G\u0142\u00f3wny deptak w mie\u015bcie, miliard ludzi i miliard tramwaj\u00f3w, i\u2026 jednotory, a raczej sploty torowe. Te odcinki nie s\u0105 d\u0142ugie, maj\u0105 po oko\u0142o 100 metr\u00f3w, ale przy takim ruchu wygl\u0105da to i tak niesamowicie. 30.04.2017<\/p>\n<\/div>\n","protected":false},"excerpt":{"rendered":"<p>Amsterdam, Leidsestraat. G\u0142\u00f3wny deptak w mie\u015bcie, miliard ludzi i miliard tramwaj\u00f3w, i\u2026 jednotory, a raczej sploty torowe. Te odcinki nie s\u0105 d\u0142ugie, maj\u0105 po oko\u0142o 100 metr\u00f3w, ale przy takim ruchu wygl\u0105da to i tak niesamowicie. 30.04.2017<\/p>\n","protected":false},"author":1,"featured_media":2882,"comment_status":"open","ping_status":"","sticky":false,"template":"","format":"standard","meta":{"footnotes":""},"categories":[368,3],"tags":[1441,1439,239,1440,370,151,787,381,1333],"class_list":["post-2881","post","type-post","status-publish","format-standard","has-post-thumbnail","hentry","category-rok-2017","category-tramwaj","tag-2017-04-30","tag-amsterdam","tag-deptak","tag-gvb-amsterdam","tag-holandia","tag-ludzie","tag-majowka-2017-2","tag-siemens-combino","tag-splot"],"_links":{"self":[{"href":"http:\/\/wgphoto.pl\/t\/index.php?rest_route=\/wp\/v2\/posts\/2881","targetHints":{"allow":["GET"]}}],"collection":[{"href":"http:\/\/wgphoto.pl\/t\/index.php?rest_route=\/wp\/v2\/posts"}],"about":[{"href":"http:\/\/wgphoto.pl\/t\/index.php?rest_route=\/wp\/v2\/types\/post"}],"author":[{"embeddable":true,"href":"http:\/\/wgphoto.pl\/t\/index.php?rest_route=\/wp\/v2\/users\/1"}],"replies":[{"embeddable":true,"href":"http:\/\/wgphoto.pl\/t\/index.php?rest_route=%2Fwp%2Fv2%2Fcomments&post=2881"}],"version-history":[{"count":1,"href":"http:\/\/wgphoto.pl\/t\/index.php?rest_route=\/wp\/v2\/posts\/2881\/revisions"}],"predecessor-version":[{"id":2883,"href":"http:\/\/wgphoto.pl\/t\/index.php?rest_route=\/wp\/v2\/posts\/2881\/revisions\/2883"}],"wp:featuredmedia":[{"embeddable":true,"href":"http:\/\/wgphoto.pl\/t\/index.php?rest_route=\/wp\/v2\/media\/2882"}],"wp:attachment":[{"href":"http:\/\/wgphoto.pl\/t\/index.php?rest_route=%2Fwp%2Fv2%2Fmedia&parent=2881"}],"wp:term":[{"taxonomy":"category","embeddable":true,"href":"http:\/\/wgphoto.pl\/t\/index.php?rest_route=%2Fwp%2Fv2%2Fcategories&post=2881"},{"taxonomy":"post_tag","embeddable":true,"href":"http:\/\/wgphoto.pl\/t\/index.php?rest_route=%2Fwp%2Fv2%2Ftags&post=2881"}],"curies":[{"name":"wp","href":"https:\/\/api.w.org\/{rel}","templated":true}]}}