{"id":2987,"date":"2024-10-18T17:40:36","date_gmt":"2024-10-18T15:40:36","guid":{"rendered":"https:\/\/wgphoto.pl\/t\/?p=2987"},"modified":"2024-10-18T17:40:36","modified_gmt":"2024-10-18T15:40:36","slug":"prawie-jak-niemcy","status":"publish","type":"post","link":"http:\/\/wgphoto.pl\/t\/?p=2987","title":{"rendered":"Prawie jak Niemcy"},"content":{"rendered":"\n<figure class=\"wp-block-image aligncenter size-full\"><img loading=\"lazy\" decoding=\"async\" width=\"1200\" height=\"795\" src=\"https:\/\/wgphoto.pl\/t\/wp-content\/uploads\/2024\/10\/IMGP6288.jpg\" alt=\"\" class=\"wp-image-2988\" srcset=\"http:\/\/wgphoto.pl\/t\/wp-content\/uploads\/2024\/10\/IMGP6288.jpg 1200w, http:\/\/wgphoto.pl\/t\/wp-content\/uploads\/2024\/10\/IMGP6288-300x199.jpg 300w, http:\/\/wgphoto.pl\/t\/wp-content\/uploads\/2024\/10\/IMGP6288-768x509.jpg 768w\" sizes=\"auto, (max-width: 1200px) 100vw, 1200px\" \/><\/figure>\n\n\n\n<div class=\"wp-block-group has-global-padding is-layout-constrained wp-block-group-is-layout-constrained\">\n<p>Duet jednostek serii 628 (ex-DB) jako poci\u0105g regionalny 15854 relacji Oradea &#8211; Cluj Napoca min\u0105\u0142 semafor posterunku blokowego (by\u0142ej stacji) G\u00e2rb\u0103u. Kurs obs\u0142uguje prywaciarz Interregional C\u0103l\u0103tori, kt\u00f3ry nie tylko pozostawi\u0142 na pojazdach barwy poprzedniego w\u0142a\u015bciciela, ale te\u017c upodobni\u0142 do niego swoje logo. 20.10.2019<\/p>\n<\/div>\n","protected":false},"excerpt":{"rendered":"<p>Duet jednostek serii 628 (ex-DB) jako poci\u0105g regionalny 15854 relacji Oradea &#8211; Cluj Napoca min\u0105\u0142 semafor posterunku blokowego (by\u0142ej stacji) G\u00e2rb\u0103u. Kurs obs\u0142uguje prywaciarz Interregional C\u0103l\u0103tori, kt\u00f3ry nie tylko pozostawi\u0142 na pojazdach barwy poprzedniego w\u0142a\u015bciciela, ale te\u017c upodobni\u0142 do niego swoje logo. 20.10.2019<\/p>\n","protected":false},"author":1,"featured_media":2988,"comment_status":"open","ping_status":"","sticky":false,"template":"","format":"standard","meta":{"footnotes":""},"categories":[2,136],"tags":[968,1450,1448,1449,173,574,53,575],"class_list":["post-2987","post","type-post","status-publish","format-standard","has-post-thumbnail","hentry","category-kolej","category-rok-2019","tag-2019-10-20","tag-1450","tag-garbau","tag-irc","tag-koncowki","tag-rumunia","tag-sygnalizacja-ksztaltowa","tag-wakacje-2019"],"_links":{"self":[{"href":"http:\/\/wgphoto.pl\/t\/index.php?rest_route=\/wp\/v2\/posts\/2987","targetHints":{"allow":["GET"]}}],"collection":[{"href":"http:\/\/wgphoto.pl\/t\/index.php?rest_route=\/wp\/v2\/posts"}],"about":[{"href":"http:\/\/wgphoto.pl\/t\/index.php?rest_route=\/wp\/v2\/types\/post"}],"author":[{"embeddable":true,"href":"http:\/\/wgphoto.pl\/t\/index.php?rest_route=\/wp\/v2\/users\/1"}],"replies":[{"embeddable":true,"href":"http:\/\/wgphoto.pl\/t\/index.php?rest_route=%2Fwp%2Fv2%2Fcomments&post=2987"}],"version-history":[{"count":1,"href":"http:\/\/wgphoto.pl\/t\/index.php?rest_route=\/wp\/v2\/posts\/2987\/revisions"}],"predecessor-version":[{"id":2989,"href":"http:\/\/wgphoto.pl\/t\/index.php?rest_route=\/wp\/v2\/posts\/2987\/revisions\/2989"}],"wp:featuredmedia":[{"embeddable":true,"href":"http:\/\/wgphoto.pl\/t\/index.php?rest_route=\/wp\/v2\/media\/2988"}],"wp:attachment":[{"href":"http:\/\/wgphoto.pl\/t\/index.php?rest_route=%2Fwp%2Fv2%2Fmedia&parent=2987"}],"wp:term":[{"taxonomy":"category","embeddable":true,"href":"http:\/\/wgphoto.pl\/t\/index.php?rest_route=%2Fwp%2Fv2%2Fcategories&post=2987"},{"taxonomy":"post_tag","embeddable":true,"href":"http:\/\/wgphoto.pl\/t\/index.php?rest_route=%2Fwp%2Fv2%2Ftags&post=2987"}],"curies":[{"name":"wp","href":"https:\/\/api.w.org\/{rel}","templated":true}]}}