{"id":3026,"date":"2024-10-18T17:54:48","date_gmt":"2024-10-18T15:54:48","guid":{"rendered":"https:\/\/wgphoto.pl\/t\/?p=3026"},"modified":"2024-10-18T17:54:48","modified_gmt":"2024-10-18T15:54:48","slug":"km-2776","status":"publish","type":"post","link":"http:\/\/wgphoto.pl\/t\/?p=3026","title":{"rendered":"Km 277,6"},"content":{"rendered":"\n<figure class=\"wp-block-image aligncenter size-full\"><img loading=\"lazy\" decoding=\"async\" width=\"1200\" height=\"800\" src=\"https:\/\/wgphoto.pl\/t\/wp-content\/uploads\/2024\/10\/0417-29.jpg\" alt=\"\" class=\"wp-image-3027\" srcset=\"http:\/\/wgphoto.pl\/t\/wp-content\/uploads\/2024\/10\/0417-29.jpg 1200w, http:\/\/wgphoto.pl\/t\/wp-content\/uploads\/2024\/10\/0417-29-300x200.jpg 300w, http:\/\/wgphoto.pl\/t\/wp-content\/uploads\/2024\/10\/0417-29-768x512.jpg 768w\" sizes=\"auto, (max-width: 1200px) 100vw, 1200px\" \/><\/figure>\n\n\n\n<div class=\"wp-block-group has-global-padding is-layout-constrained wp-block-group-is-layout-constrained\">\n<p>Lokomotywa z poprzedniego zdj\u0119cia ju\u017c ze sk\u0142adem. Poci\u0105g osobowy 67332 z G\u0142ogowa do Leszna zbli\u017ca si\u0119 do Grod\u017aca Ma\u0142ego. Na horyzoncie widoczne s\u0105 zabudowania G\u0142ogowa. 01.08.2004<\/p>\n<\/div>\n","protected":false},"excerpt":{"rendered":"<p>Lokomotywa z poprzedniego zdj\u0119cia ju\u017c ze sk\u0142adem. Poci\u0105g osobowy 67332 z G\u0142ogowa do Leszna zbli\u017ca si\u0119 do Grod\u017aca Ma\u0142ego. Na horyzoncie widoczne s\u0105 zabudowania G\u0142ogowa. 01.08.2004<\/p>\n","protected":false},"author":1,"featured_media":3027,"comment_status":"open","ping_status":"","sticky":false,"template":"","format":"standard","meta":{"footnotes":""},"categories":[62,2,61],"tags":[1327,1460,1461,63,27,290,515],"class_list":["post-3026","post","type-post","status-publish","format-standard","has-post-thumbnail","hentry","category-analog","category-kolej","category-rok-2004","tag-2004-08-01","tag-glogow","tag-grodziec-maly","tag-pkp","tag-polska","tag-su45","tag-tab-pl350"],"_links":{"self":[{"href":"http:\/\/wgphoto.pl\/t\/index.php?rest_route=\/wp\/v2\/posts\/3026","targetHints":{"allow":["GET"]}}],"collection":[{"href":"http:\/\/wgphoto.pl\/t\/index.php?rest_route=\/wp\/v2\/posts"}],"about":[{"href":"http:\/\/wgphoto.pl\/t\/index.php?rest_route=\/wp\/v2\/types\/post"}],"author":[{"embeddable":true,"href":"http:\/\/wgphoto.pl\/t\/index.php?rest_route=\/wp\/v2\/users\/1"}],"replies":[{"embeddable":true,"href":"http:\/\/wgphoto.pl\/t\/index.php?rest_route=%2Fwp%2Fv2%2Fcomments&post=3026"}],"version-history":[{"count":1,"href":"http:\/\/wgphoto.pl\/t\/index.php?rest_route=\/wp\/v2\/posts\/3026\/revisions"}],"predecessor-version":[{"id":3028,"href":"http:\/\/wgphoto.pl\/t\/index.php?rest_route=\/wp\/v2\/posts\/3026\/revisions\/3028"}],"wp:featuredmedia":[{"embeddable":true,"href":"http:\/\/wgphoto.pl\/t\/index.php?rest_route=\/wp\/v2\/media\/3027"}],"wp:attachment":[{"href":"http:\/\/wgphoto.pl\/t\/index.php?rest_route=%2Fwp%2Fv2%2Fmedia&parent=3026"}],"wp:term":[{"taxonomy":"category","embeddable":true,"href":"http:\/\/wgphoto.pl\/t\/index.php?rest_route=%2Fwp%2Fv2%2Fcategories&post=3026"},{"taxonomy":"post_tag","embeddable":true,"href":"http:\/\/wgphoto.pl\/t\/index.php?rest_route=%2Fwp%2Fv2%2Ftags&post=3026"}],"curies":[{"name":"wp","href":"https:\/\/api.w.org\/{rel}","templated":true}]}}