{"id":3035,"date":"2024-10-18T17:57:31","date_gmt":"2024-10-18T15:57:31","guid":{"rendered":"https:\/\/wgphoto.pl\/t\/?p=3035"},"modified":"2024-10-18T17:57:31","modified_gmt":"2024-10-18T15:57:31","slug":"odrzycko","status":"publish","type":"post","link":"http:\/\/wgphoto.pl\/t\/?p=3035","title":{"rendered":"Odrzycko"},"content":{"rendered":"\n<figure class=\"wp-block-image aligncenter size-full\"><img loading=\"lazy\" decoding=\"async\" width=\"1200\" height=\"800\" src=\"https:\/\/wgphoto.pl\/t\/wp-content\/uploads\/2024\/10\/0417-33.jpg\" alt=\"\" class=\"wp-image-3036\" srcset=\"http:\/\/wgphoto.pl\/t\/wp-content\/uploads\/2024\/10\/0417-33.jpg 1200w, http:\/\/wgphoto.pl\/t\/wp-content\/uploads\/2024\/10\/0417-33-300x200.jpg 300w, http:\/\/wgphoto.pl\/t\/wp-content\/uploads\/2024\/10\/0417-33-768x512.jpg 768w\" sizes=\"auto, (max-width: 1200px) 100vw, 1200px\" \/><\/figure>\n\n\n\n<div class=\"wp-block-group has-global-padding is-layout-constrained wp-block-group-is-layout-constrained\">\n<p>SU45-147 z poci\u0105giem osobowym 67334 relacji G\u0142og\u00f3w &#8211; Ostr\u00f3w Wielkopolski zje\u017cd\u017ca z mostu nad Odr\u0105 na odcinku G\u0142og\u00f3w &#8211; Grodziec Ma\u0142y. Sk\u0142ad mija by\u0142y Podg Odrzycko, gdzie odga\u0142\u0119zia\u0142a si\u0119 linia do Bojanowa. 01.08.2004<\/p>\n<\/div>\n","protected":false},"excerpt":{"rendered":"<p>SU45-147 z poci\u0105giem osobowym 67334 relacji G\u0142og\u00f3w &#8211; Ostr\u00f3w Wielkopolski zje\u017cd\u017ca z mostu nad Odr\u0105 na odcinku G\u0142og\u00f3w &#8211; Grodziec Ma\u0142y. Sk\u0142ad mija by\u0142y Podg Odrzycko, gdzie odga\u0142\u0119zia\u0142a si\u0119 linia do Bojanowa. 01.08.2004<\/p>\n","protected":false},"author":1,"featured_media":3036,"comment_status":"open","ping_status":"","sticky":false,"template":"","format":"standard","meta":{"footnotes":""},"categories":[62,2,61],"tags":[1327,1460,1461,63,27,290,515],"class_list":["post-3035","post","type-post","status-publish","format-standard","has-post-thumbnail","hentry","category-analog","category-kolej","category-rok-2004","tag-2004-08-01","tag-glogow","tag-grodziec-maly","tag-pkp","tag-polska","tag-su45","tag-tab-pl350"],"_links":{"self":[{"href":"http:\/\/wgphoto.pl\/t\/index.php?rest_route=\/wp\/v2\/posts\/3035","targetHints":{"allow":["GET"]}}],"collection":[{"href":"http:\/\/wgphoto.pl\/t\/index.php?rest_route=\/wp\/v2\/posts"}],"about":[{"href":"http:\/\/wgphoto.pl\/t\/index.php?rest_route=\/wp\/v2\/types\/post"}],"author":[{"embeddable":true,"href":"http:\/\/wgphoto.pl\/t\/index.php?rest_route=\/wp\/v2\/users\/1"}],"replies":[{"embeddable":true,"href":"http:\/\/wgphoto.pl\/t\/index.php?rest_route=%2Fwp%2Fv2%2Fcomments&post=3035"}],"version-history":[{"count":1,"href":"http:\/\/wgphoto.pl\/t\/index.php?rest_route=\/wp\/v2\/posts\/3035\/revisions"}],"predecessor-version":[{"id":3037,"href":"http:\/\/wgphoto.pl\/t\/index.php?rest_route=\/wp\/v2\/posts\/3035\/revisions\/3037"}],"wp:featuredmedia":[{"embeddable":true,"href":"http:\/\/wgphoto.pl\/t\/index.php?rest_route=\/wp\/v2\/media\/3036"}],"wp:attachment":[{"href":"http:\/\/wgphoto.pl\/t\/index.php?rest_route=%2Fwp%2Fv2%2Fmedia&parent=3035"}],"wp:term":[{"taxonomy":"category","embeddable":true,"href":"http:\/\/wgphoto.pl\/t\/index.php?rest_route=%2Fwp%2Fv2%2Fcategories&post=3035"},{"taxonomy":"post_tag","embeddable":true,"href":"http:\/\/wgphoto.pl\/t\/index.php?rest_route=%2Fwp%2Fv2%2Ftags&post=3035"}],"curies":[{"name":"wp","href":"https:\/\/api.w.org\/{rel}","templated":true}]}}