{"id":3047,"date":"2024-10-18T18:06:16","date_gmt":"2024-10-18T16:06:16","guid":{"rendered":"https:\/\/wgphoto.pl\/t\/?p=3047"},"modified":"2024-10-18T18:06:35","modified_gmt":"2024-10-18T16:06:35","slug":"basia-na-kryniczance","status":"publish","type":"post","link":"http:\/\/wgphoto.pl\/t\/?p=3047","title":{"rendered":"Basia w Rytrze"},"content":{"rendered":"\n<figure class=\"wp-block-image aligncenter size-full\"><img loading=\"lazy\" decoding=\"async\" width=\"1200\" height=\"800\" src=\"https:\/\/wgphoto.pl\/t\/wp-content\/uploads\/2024\/10\/0810-35.jpg\" alt=\"\" class=\"wp-image-3048\" srcset=\"http:\/\/wgphoto.pl\/t\/wp-content\/uploads\/2024\/10\/0810-35.jpg 1200w, http:\/\/wgphoto.pl\/t\/wp-content\/uploads\/2024\/10\/0810-35-300x200.jpg 300w, http:\/\/wgphoto.pl\/t\/wp-content\/uploads\/2024\/10\/0810-35-768x512.jpg 768w\" sizes=\"auto, (max-width: 1200px) 100vw, 1200px\" \/><\/figure>\n\n\n\n<div class=\"wp-block-group has-global-padding is-layout-constrained wp-block-group-is-layout-constrained\">\n<p>Ex 31410 &#8222;Ernest Malinowski&#8221; z Krynicy do Warszaw Wschodniej opu\u015bci\u0142 stacj\u0119 Rytro. Na szczycie wzg\u00f3rza po lewej widoczne s\u0105 ruiny miejscowego zamku. 15.08.2008<\/p>\n<\/div>\n","protected":false},"excerpt":{"rendered":"<p>Ex 31410 &#8222;Ernest Malinowski&#8221; z Krynicy do Warszaw Wschodniej opu\u015bci\u0142 stacj\u0119 Rytro. Na szczycie wzg\u00f3rza po lewej widoczne s\u0105 ruiny miejscowego zamku. 15.08.2008<\/p>\n","protected":false},"author":1,"featured_media":3048,"comment_status":"open","ping_status":"","sticky":false,"template":"","format":"standard","meta":{"footnotes":""},"categories":[62,2,120],"tags":[1401,262,50,114,249,27,1464,261],"class_list":["post-3047","post","type-post","status-publish","format-standard","has-post-thumbnail","hentry","category-analog","category-kolej","category-rok-2008","tag-1401","tag-2008-08-15","tag-cd","tag-gory","tag-goscinne-wystepy","tag-polska","tag-rytro","tag-tab-pl130"],"_links":{"self":[{"href":"http:\/\/wgphoto.pl\/t\/index.php?rest_route=\/wp\/v2\/posts\/3047","targetHints":{"allow":["GET"]}}],"collection":[{"href":"http:\/\/wgphoto.pl\/t\/index.php?rest_route=\/wp\/v2\/posts"}],"about":[{"href":"http:\/\/wgphoto.pl\/t\/index.php?rest_route=\/wp\/v2\/types\/post"}],"author":[{"embeddable":true,"href":"http:\/\/wgphoto.pl\/t\/index.php?rest_route=\/wp\/v2\/users\/1"}],"replies":[{"embeddable":true,"href":"http:\/\/wgphoto.pl\/t\/index.php?rest_route=%2Fwp%2Fv2%2Fcomments&post=3047"}],"version-history":[{"count":2,"href":"http:\/\/wgphoto.pl\/t\/index.php?rest_route=\/wp\/v2\/posts\/3047\/revisions"}],"predecessor-version":[{"id":3050,"href":"http:\/\/wgphoto.pl\/t\/index.php?rest_route=\/wp\/v2\/posts\/3047\/revisions\/3050"}],"wp:featuredmedia":[{"embeddable":true,"href":"http:\/\/wgphoto.pl\/t\/index.php?rest_route=\/wp\/v2\/media\/3048"}],"wp:attachment":[{"href":"http:\/\/wgphoto.pl\/t\/index.php?rest_route=%2Fwp%2Fv2%2Fmedia&parent=3047"}],"wp:term":[{"taxonomy":"category","embeddable":true,"href":"http:\/\/wgphoto.pl\/t\/index.php?rest_route=%2Fwp%2Fv2%2Fcategories&post=3047"},{"taxonomy":"post_tag","embeddable":true,"href":"http:\/\/wgphoto.pl\/t\/index.php?rest_route=%2Fwp%2Fv2%2Ftags&post=3047"}],"curies":[{"name":"wp","href":"https:\/\/api.w.org\/{rel}","templated":true}]}}