{"id":3079,"date":"2024-10-19T11:12:03","date_gmt":"2024-10-19T09:12:03","guid":{"rendered":"https:\/\/wgphoto.pl\/t\/?p=3079"},"modified":"2024-10-19T11:12:03","modified_gmt":"2024-10-19T09:12:03","slug":"zapraszamy-do-srodka","status":"publish","type":"post","link":"http:\/\/wgphoto.pl\/t\/?p=3079","title":{"rendered":"Zapraszamy do \u015brodka"},"content":{"rendered":"\n<figure class=\"wp-block-image aligncenter size-full\"><img loading=\"lazy\" decoding=\"async\" width=\"1050\" height=\"700\" src=\"https:\/\/wgphoto.pl\/t\/wp-content\/uploads\/2024\/10\/IMGP0798.jpg\" alt=\"\" class=\"wp-image-3080\" srcset=\"http:\/\/wgphoto.pl\/t\/wp-content\/uploads\/2024\/10\/IMGP0798.jpg 1050w, http:\/\/wgphoto.pl\/t\/wp-content\/uploads\/2024\/10\/IMGP0798-300x200.jpg 300w, http:\/\/wgphoto.pl\/t\/wp-content\/uploads\/2024\/10\/IMGP0798-768x512.jpg 768w\" sizes=\"auto, (max-width: 1050px) 100vw, 1050px\" \/><\/figure>\n\n\n\n<div class=\"wp-block-group has-global-padding is-layout-constrained wp-block-group-is-layout-constrained\">\n<p>Wroc\u0142aw, p\u0119tla Wroc\u0142awski Park Przemys\u0142owy. W tramwaju od rana jest porz\u0105dnie nahajcowane, a\u017c chce si\u0119 wsiada\u0107.<br>Kolejne foto, kt\u00f3re niedomaga technicznie, ale lepszego nie b\u0119dzie. \ud83d\ude09 27.11.2009<\/p>\n<\/div>\n","protected":false},"excerpt":{"rendered":"<p>Wroc\u0142aw, p\u0119tla Wroc\u0142awski Park Przemys\u0142owy. W tramwaju od rana jest porz\u0105dnie nahajcowane, a\u017c chce si\u0119 wsiada\u0107.Kolejne foto, kt\u00f3re niedomaga technicznie, ale lepszego nie b\u0119dzie. \ud83d\ude09 27.11.2009<\/p>\n","protected":false},"author":1,"featured_media":3080,"comment_status":"open","ping_status":"","sticky":false,"template":"","format":"standard","meta":{"footnotes":""},"categories":[220,169,3],"tags":[1465,91,173,309,42,162,27,438,176,939,439,41],"class_list":["post-3079","post","type-post","status-publish","format-standard","has-post-thumbnail","hentry","category-blo","category-rok-2009","category-tramwaj","tag-2009-11-27","tag-blue-hour","tag-koncowki","tag-konstal-102na","tag-mpk-wroclaw","tag-niebo","tag-polska","tag-portret-z-petli","tag-rano","tag-robotnicza","tag-we-fabryce","tag-wroclaw"],"_links":{"self":[{"href":"http:\/\/wgphoto.pl\/t\/index.php?rest_route=\/wp\/v2\/posts\/3079","targetHints":{"allow":["GET"]}}],"collection":[{"href":"http:\/\/wgphoto.pl\/t\/index.php?rest_route=\/wp\/v2\/posts"}],"about":[{"href":"http:\/\/wgphoto.pl\/t\/index.php?rest_route=\/wp\/v2\/types\/post"}],"author":[{"embeddable":true,"href":"http:\/\/wgphoto.pl\/t\/index.php?rest_route=\/wp\/v2\/users\/1"}],"replies":[{"embeddable":true,"href":"http:\/\/wgphoto.pl\/t\/index.php?rest_route=%2Fwp%2Fv2%2Fcomments&post=3079"}],"version-history":[{"count":1,"href":"http:\/\/wgphoto.pl\/t\/index.php?rest_route=\/wp\/v2\/posts\/3079\/revisions"}],"predecessor-version":[{"id":3081,"href":"http:\/\/wgphoto.pl\/t\/index.php?rest_route=\/wp\/v2\/posts\/3079\/revisions\/3081"}],"wp:featuredmedia":[{"embeddable":true,"href":"http:\/\/wgphoto.pl\/t\/index.php?rest_route=\/wp\/v2\/media\/3080"}],"wp:attachment":[{"href":"http:\/\/wgphoto.pl\/t\/index.php?rest_route=%2Fwp%2Fv2%2Fmedia&parent=3079"}],"wp:term":[{"taxonomy":"category","embeddable":true,"href":"http:\/\/wgphoto.pl\/t\/index.php?rest_route=%2Fwp%2Fv2%2Fcategories&post=3079"},{"taxonomy":"post_tag","embeddable":true,"href":"http:\/\/wgphoto.pl\/t\/index.php?rest_route=%2Fwp%2Fv2%2Ftags&post=3079"}],"curies":[{"name":"wp","href":"https:\/\/api.w.org\/{rel}","templated":true}]}}