{"id":3139,"date":"2024-10-20T12:52:04","date_gmt":"2024-10-20T10:52:04","guid":{"rendered":"https:\/\/wgphoto.pl\/t\/?p=3139"},"modified":"2024-10-20T12:52:04","modified_gmt":"2024-10-20T10:52:04","slug":"ktm-5-nr-108","status":"publish","type":"post","link":"http:\/\/wgphoto.pl\/t\/?p=3139","title":{"rendered":"KTM-5 nr 108"},"content":{"rendered":"\n<figure class=\"wp-block-image aligncenter size-full\"><img loading=\"lazy\" decoding=\"async\" width=\"1024\" height=\"683\" src=\"https:\/\/wgphoto.pl\/t\/wp-content\/uploads\/2024\/10\/20130916214606_imgp4054.jpg\" alt=\"\" class=\"wp-image-3140\" srcset=\"http:\/\/wgphoto.pl\/t\/wp-content\/uploads\/2024\/10\/20130916214606_imgp4054.jpg 1024w, http:\/\/wgphoto.pl\/t\/wp-content\/uploads\/2024\/10\/20130916214606_imgp4054-300x200.jpg 300w, http:\/\/wgphoto.pl\/t\/wp-content\/uploads\/2024\/10\/20130916214606_imgp4054-768x512.jpg 768w\" sizes=\"auto, (max-width: 1024px) 100vw, 1024px\" \/><\/figure>\n\n\n\n<div class=\"wp-block-group has-global-padding is-layout-constrained wp-block-group-is-layout-constrained\">\n<p>Dyneburg, Maizes iela. KTM pokonuje ostatnie metry przed przystankiem ko\u0144cowym Stacija, zlokalizowanym obok dworca kolejowego. Na prowincji drewniana zabudowa osi\u0105ga odrobin\u0119 mniejsz\u0105 kubatur\u0119 ni\u017c w stolicy. \ud83d\ude09 29.05.2013<\/p>\n<\/div>\n","protected":false},"excerpt":{"rendered":"<p>Dyneburg, Maizes iela. KTM pokonuje ostatnie metry przed przystankiem ko\u0144cowym Stacija, zlokalizowanym obok dworca kolejowego. Na prowincji drewniana zabudowa osi\u0105ga odrobin\u0119 mniejsz\u0105 kubatur\u0119 ni\u017c w stolicy. \ud83d\ude09 29.05.2013<\/p>\n","protected":false},"author":1,"featured_media":3140,"comment_status":"open","ping_status":"","sticky":false,"template":"","format":"standard","meta":{"footnotes":""},"categories":[55,3],"tags":[614,34,612,616,617,56,90],"class_list":["post-3139","post","type-post","status-publish","format-standard","has-post-thumbnail","hentry","category-rok-2013","category-tramwaj","tag-2013-05-29","tag-architektura","tag-druga-majowka-2013","tag-dyneburg","tag-ktm-5","tag-lotwa","tag-wieczorem"],"_links":{"self":[{"href":"http:\/\/wgphoto.pl\/t\/index.php?rest_route=\/wp\/v2\/posts\/3139","targetHints":{"allow":["GET"]}}],"collection":[{"href":"http:\/\/wgphoto.pl\/t\/index.php?rest_route=\/wp\/v2\/posts"}],"about":[{"href":"http:\/\/wgphoto.pl\/t\/index.php?rest_route=\/wp\/v2\/types\/post"}],"author":[{"embeddable":true,"href":"http:\/\/wgphoto.pl\/t\/index.php?rest_route=\/wp\/v2\/users\/1"}],"replies":[{"embeddable":true,"href":"http:\/\/wgphoto.pl\/t\/index.php?rest_route=%2Fwp%2Fv2%2Fcomments&post=3139"}],"version-history":[{"count":1,"href":"http:\/\/wgphoto.pl\/t\/index.php?rest_route=\/wp\/v2\/posts\/3139\/revisions"}],"predecessor-version":[{"id":3141,"href":"http:\/\/wgphoto.pl\/t\/index.php?rest_route=\/wp\/v2\/posts\/3139\/revisions\/3141"}],"wp:featuredmedia":[{"embeddable":true,"href":"http:\/\/wgphoto.pl\/t\/index.php?rest_route=\/wp\/v2\/media\/3140"}],"wp:attachment":[{"href":"http:\/\/wgphoto.pl\/t\/index.php?rest_route=%2Fwp%2Fv2%2Fmedia&parent=3139"}],"wp:term":[{"taxonomy":"category","embeddable":true,"href":"http:\/\/wgphoto.pl\/t\/index.php?rest_route=%2Fwp%2Fv2%2Fcategories&post=3139"},{"taxonomy":"post_tag","embeddable":true,"href":"http:\/\/wgphoto.pl\/t\/index.php?rest_route=%2Fwp%2Fv2%2Ftags&post=3139"}],"curies":[{"name":"wp","href":"https:\/\/api.w.org\/{rel}","templated":true}]}}