{"id":3148,"date":"2024-10-20T12:57:10","date_gmt":"2024-10-20T10:57:10","guid":{"rendered":"https:\/\/wgphoto.pl\/t\/?p=3148"},"modified":"2024-10-20T12:57:10","modified_gmt":"2024-10-20T10:57:10","slug":"z-wysokosci-2","status":"publish","type":"post","link":"http:\/\/wgphoto.pl\/t\/?p=3148","title":{"rendered":"Z wysoko\u015bci"},"content":{"rendered":"\n<figure class=\"wp-block-image aligncenter size-full\"><img loading=\"lazy\" decoding=\"async\" width=\"1200\" height=\"803\" src=\"https:\/\/wgphoto.pl\/t\/wp-content\/uploads\/2024\/10\/20180705232755_imgp3996.jpg\" alt=\"\" class=\"wp-image-3149\" srcset=\"http:\/\/wgphoto.pl\/t\/wp-content\/uploads\/2024\/10\/20180705232755_imgp3996.jpg 1200w, http:\/\/wgphoto.pl\/t\/wp-content\/uploads\/2024\/10\/20180705232755_imgp3996-300x201.jpg 300w, http:\/\/wgphoto.pl\/t\/wp-content\/uploads\/2024\/10\/20180705232755_imgp3996-768x514.jpg 768w\" sizes=\"auto, (max-width: 1200px) 100vw, 1200px\" \/><\/figure>\n\n\n\n<div class=\"wp-block-group has-global-padding is-layout-constrained wp-block-group-is-layout-constrained\">\n<p>Zajezdnia tramwajowa w Dyneburgu ogl\u0105dana z klatki schodowej pobliskiego bloku. Zdarza mi si\u0119 chodzi\u0107 z aparatem po r\u00f3\u017cnych dziwnych miejscach, ale tutaj z pewno\u015bci\u0105 bym si\u0119 nie pojawi\u0142 gdyby nie lokalni mi\u0142o\u015bnicy, kt\u00f3rych &#8222;niewidzialne r\u0119ce&#8221; widoczne s\u0105 na poprzednim zdj\u0119ciu. Pierwsze miejsce, w kt\u00f3re nas zabrali, to w\u0142a\u015bnie ten blok, najwidoczniej wi\u0119c ch\u0142opacy uznali ogl\u0105danie zajezdni z g\u00f3ry za spor\u0105 atrakcj\u0119. \ud83d\ude42 29.05.2013<\/p>\n<\/div>\n","protected":false},"excerpt":{"rendered":"<p>Zajezdnia tramwajowa w Dyneburgu ogl\u0105dana z klatki schodowej pobliskiego bloku. Zdarza mi si\u0119 chodzi\u0107 z aparatem po r\u00f3\u017cnych dziwnych miejscach, ale tutaj z pewno\u015bci\u0105 bym si\u0119 nie pojawi\u0142 gdyby nie lokalni mi\u0142o\u015bnicy, kt\u00f3rych &#8222;niewidzialne r\u0119ce&#8221; widoczne s\u0105 na poprzednim zdj\u0119ciu. Pierwsze miejsce, w kt\u00f3re nas zabrali, to w\u0142a\u015bnie ten blok, najwidoczniej wi\u0119c ch\u0142opacy uznali ogl\u0105danie [&hellip;]<\/p>\n","protected":false},"author":1,"featured_media":3149,"comment_status":"open","ping_status":"","sticky":false,"template":"","format":"standard","meta":{"footnotes":""},"categories":[55,3],"tags":[614,612,616,617,56,1011,138],"class_list":["post-3148","post","type-post","status-publish","format-standard","has-post-thumbnail","hentry","category-rok-2013","category-tramwaj","tag-2013-05-29","tag-druga-majowka-2013","tag-dyneburg","tag-ktm-5","tag-lotwa","tag-tatra-t3","tag-zajezdnia"],"_links":{"self":[{"href":"http:\/\/wgphoto.pl\/t\/index.php?rest_route=\/wp\/v2\/posts\/3148","targetHints":{"allow":["GET"]}}],"collection":[{"href":"http:\/\/wgphoto.pl\/t\/index.php?rest_route=\/wp\/v2\/posts"}],"about":[{"href":"http:\/\/wgphoto.pl\/t\/index.php?rest_route=\/wp\/v2\/types\/post"}],"author":[{"embeddable":true,"href":"http:\/\/wgphoto.pl\/t\/index.php?rest_route=\/wp\/v2\/users\/1"}],"replies":[{"embeddable":true,"href":"http:\/\/wgphoto.pl\/t\/index.php?rest_route=%2Fwp%2Fv2%2Fcomments&post=3148"}],"version-history":[{"count":1,"href":"http:\/\/wgphoto.pl\/t\/index.php?rest_route=\/wp\/v2\/posts\/3148\/revisions"}],"predecessor-version":[{"id":3150,"href":"http:\/\/wgphoto.pl\/t\/index.php?rest_route=\/wp\/v2\/posts\/3148\/revisions\/3150"}],"wp:featuredmedia":[{"embeddable":true,"href":"http:\/\/wgphoto.pl\/t\/index.php?rest_route=\/wp\/v2\/media\/3149"}],"wp:attachment":[{"href":"http:\/\/wgphoto.pl\/t\/index.php?rest_route=%2Fwp%2Fv2%2Fmedia&parent=3148"}],"wp:term":[{"taxonomy":"category","embeddable":true,"href":"http:\/\/wgphoto.pl\/t\/index.php?rest_route=%2Fwp%2Fv2%2Fcategories&post=3148"},{"taxonomy":"post_tag","embeddable":true,"href":"http:\/\/wgphoto.pl\/t\/index.php?rest_route=%2Fwp%2Fv2%2Ftags&post=3148"}],"curies":[{"name":"wp","href":"https:\/\/api.w.org\/{rel}","templated":true}]}}