{"id":3154,"date":"2024-10-20T13:00:14","date_gmt":"2024-10-20T11:00:14","guid":{"rendered":"https:\/\/wgphoto.pl\/t\/?p=3154"},"modified":"2024-10-20T13:00:14","modified_gmt":"2024-10-20T11:00:14","slug":"chillout","status":"publish","type":"post","link":"http:\/\/wgphoto.pl\/t\/?p=3154","title":{"rendered":"Chillout"},"content":{"rendered":"\n<figure class=\"wp-block-image aligncenter size-full\"><img loading=\"lazy\" decoding=\"async\" width=\"1200\" height=\"803\" src=\"https:\/\/wgphoto.pl\/t\/wp-content\/uploads\/2024\/10\/20170301194052_imgp4043.jpg\" alt=\"\" class=\"wp-image-3155\" srcset=\"http:\/\/wgphoto.pl\/t\/wp-content\/uploads\/2024\/10\/20170301194052_imgp4043.jpg 1200w, http:\/\/wgphoto.pl\/t\/wp-content\/uploads\/2024\/10\/20170301194052_imgp4043-300x201.jpg 300w, http:\/\/wgphoto.pl\/t\/wp-content\/uploads\/2024\/10\/20170301194052_imgp4043-768x514.jpg 768w\" sizes=\"auto, (max-width: 1200px) 100vw, 1200px\" \/><\/figure>\n\n\n\n<div class=\"wp-block-group has-global-padding is-layout-constrained wp-block-group-is-layout-constrained\">\n<p>Dyneburg, 18. novembra iela. To foto kojarzy mi si\u0119 z maj\u00f3wkowym lenistwem: trawka, s\u0142oneczko, spok\u00f3j oraz \u015bwiadomo\u015b\u0107, \u017ce tego kadru raczej nic nie zepsuje &#8211; wystarczy tylko \u017ceby pojawi\u0142 si\u0119 tramwaj. 29.05.2013<\/p>\n<\/div>\n","protected":false},"excerpt":{"rendered":"<p>Dyneburg, 18. novembra iela. To foto kojarzy mi si\u0119 z maj\u00f3wkowym lenistwem: trawka, s\u0142oneczko, spok\u00f3j oraz \u015bwiadomo\u015b\u0107, \u017ce tego kadru raczej nic nie zepsuje &#8211; wystarczy tylko \u017ceby pojawi\u0142 si\u0119 tramwaj. 29.05.2013<\/p>\n","protected":false},"author":1,"featured_media":3155,"comment_status":"open","ping_status":"","sticky":false,"template":"","format":"standard","meta":{"footnotes":""},"categories":[55,3],"tags":[614,612,616,617,56,118],"class_list":["post-3154","post","type-post","status-publish","format-standard","has-post-thumbnail","hentry","category-rok-2013","category-tramwaj","tag-2013-05-29","tag-druga-majowka-2013","tag-dyneburg","tag-ktm-5","tag-lotwa","tag-plany-i-profile"],"_links":{"self":[{"href":"http:\/\/wgphoto.pl\/t\/index.php?rest_route=\/wp\/v2\/posts\/3154","targetHints":{"allow":["GET"]}}],"collection":[{"href":"http:\/\/wgphoto.pl\/t\/index.php?rest_route=\/wp\/v2\/posts"}],"about":[{"href":"http:\/\/wgphoto.pl\/t\/index.php?rest_route=\/wp\/v2\/types\/post"}],"author":[{"embeddable":true,"href":"http:\/\/wgphoto.pl\/t\/index.php?rest_route=\/wp\/v2\/users\/1"}],"replies":[{"embeddable":true,"href":"http:\/\/wgphoto.pl\/t\/index.php?rest_route=%2Fwp%2Fv2%2Fcomments&post=3154"}],"version-history":[{"count":1,"href":"http:\/\/wgphoto.pl\/t\/index.php?rest_route=\/wp\/v2\/posts\/3154\/revisions"}],"predecessor-version":[{"id":3156,"href":"http:\/\/wgphoto.pl\/t\/index.php?rest_route=\/wp\/v2\/posts\/3154\/revisions\/3156"}],"wp:featuredmedia":[{"embeddable":true,"href":"http:\/\/wgphoto.pl\/t\/index.php?rest_route=\/wp\/v2\/media\/3155"}],"wp:attachment":[{"href":"http:\/\/wgphoto.pl\/t\/index.php?rest_route=%2Fwp%2Fv2%2Fmedia&parent=3154"}],"wp:term":[{"taxonomy":"category","embeddable":true,"href":"http:\/\/wgphoto.pl\/t\/index.php?rest_route=%2Fwp%2Fv2%2Fcategories&post=3154"},{"taxonomy":"post_tag","embeddable":true,"href":"http:\/\/wgphoto.pl\/t\/index.php?rest_route=%2Fwp%2Fv2%2Ftags&post=3154"}],"curies":[{"name":"wp","href":"https:\/\/api.w.org\/{rel}","templated":true}]}}