{"id":3164,"date":"2024-10-20T13:48:00","date_gmt":"2024-10-20T11:48:00","guid":{"rendered":"https:\/\/wgphoto.pl\/t\/?p=3164"},"modified":"2025-07-30T01:16:27","modified_gmt":"2025-07-29T23:16:27","slug":"tramwaj-w-metrze","status":"publish","type":"post","link":"http:\/\/wgphoto.pl\/t\/?p=3164","title":{"rendered":"Tramwaj w metrze"},"content":{"rendered":"\n<figure class=\"wp-block-image aligncenter size-full\"><img loading=\"lazy\" decoding=\"async\" width=\"1200\" height=\"800\" src=\"https:\/\/wgphoto.pl\/t\/wp-content\/uploads\/2024\/10\/2002r1-20.jpg\" alt=\"\" class=\"wp-image-3165\" srcset=\"http:\/\/wgphoto.pl\/t\/wp-content\/uploads\/2024\/10\/2002r1-20.jpg 1200w, http:\/\/wgphoto.pl\/t\/wp-content\/uploads\/2024\/10\/2002r1-20-300x200.jpg 300w, http:\/\/wgphoto.pl\/t\/wp-content\/uploads\/2024\/10\/2002r1-20-768x512.jpg 768w\" sizes=\"auto, (max-width: 1200px) 100vw, 1200px\" \/><\/figure>\n\n\n\n<div class=\"wp-block-group has-global-padding is-layout-constrained wp-block-group-is-layout-constrained\">\n<p>U6, czyli &#8222;tramwajowa&#8221; linia wiede\u0144skiego metra. Poci\u0105g E6+c6+T+c6+E6 zaraz zatrzyma si\u0119 na przystanku Neue Donau. Obecnie wy\u0142\u0105czn\u0105 obs\u0142ug\u0119 na tej trasie stanowi\u0105 takie pojazdy jak \u015brodkowy w sk\u0142adzie (w zestawach 4-wagonowych), a tramwaje typu E6 mo\u017cna spotka\u0107 w Krakowie, po g\u0142\u0119bokiej przebudowie na typ EU8N. Prowad\u0105cy 4936 je\u017adzi aktualnie pod numerem HL425. 22.07.2002<\/p>\n<\/div>\n","protected":false},"excerpt":{"rendered":"<p>U6, czyli &#8222;tramwajowa&#8221; linia wiede\u0144skiego metra. Poci\u0105g E6+c6+T+c6+E6 zaraz zatrzyma si\u0119 na przystanku Neue Donau. Obecnie wy\u0142\u0105czn\u0105 obs\u0142ug\u0119 na tej trasie stanowi\u0105 takie pojazdy jak \u015brodkowy w sk\u0142adzie (w zestawach 4-wagonowych), a tramwaje typu E6 mo\u017cna spotka\u0107 w Krakowie, po g\u0142\u0119bokiej przebudowie na typ EU8N. Prowad\u0105cy 4936 je\u017adzi aktualnie pod numerem HL425. 22.07.2002<\/p>\n","protected":false},"author":1,"featured_media":3165,"comment_status":"open","ping_status":"","sticky":false,"template":"","format":"standard","meta":{"footnotes":""},"categories":[62,4,577],"tags":[1488,9,1487,101,143,99,97,98],"class_list":["post-3164","post","type-post","status-publish","format-standard","has-post-thumbnail","hentry","category-analog","category-metro","category-rok-2002","tag-2002-07-22","tag-austria","tag-e6","tag-gt6","tag-ponad-30m","tag-u-bahn-wien","tag-wieden","tag-wiener-linien"],"_links":{"self":[{"href":"http:\/\/wgphoto.pl\/t\/index.php?rest_route=\/wp\/v2\/posts\/3164","targetHints":{"allow":["GET"]}}],"collection":[{"href":"http:\/\/wgphoto.pl\/t\/index.php?rest_route=\/wp\/v2\/posts"}],"about":[{"href":"http:\/\/wgphoto.pl\/t\/index.php?rest_route=\/wp\/v2\/types\/post"}],"author":[{"embeddable":true,"href":"http:\/\/wgphoto.pl\/t\/index.php?rest_route=\/wp\/v2\/users\/1"}],"replies":[{"embeddable":true,"href":"http:\/\/wgphoto.pl\/t\/index.php?rest_route=%2Fwp%2Fv2%2Fcomments&post=3164"}],"version-history":[{"count":1,"href":"http:\/\/wgphoto.pl\/t\/index.php?rest_route=\/wp\/v2\/posts\/3164\/revisions"}],"predecessor-version":[{"id":3166,"href":"http:\/\/wgphoto.pl\/t\/index.php?rest_route=\/wp\/v2\/posts\/3164\/revisions\/3166"}],"wp:featuredmedia":[{"embeddable":true,"href":"http:\/\/wgphoto.pl\/t\/index.php?rest_route=\/wp\/v2\/media\/3165"}],"wp:attachment":[{"href":"http:\/\/wgphoto.pl\/t\/index.php?rest_route=%2Fwp%2Fv2%2Fmedia&parent=3164"}],"wp:term":[{"taxonomy":"category","embeddable":true,"href":"http:\/\/wgphoto.pl\/t\/index.php?rest_route=%2Fwp%2Fv2%2Fcategories&post=3164"},{"taxonomy":"post_tag","embeddable":true,"href":"http:\/\/wgphoto.pl\/t\/index.php?rest_route=%2Fwp%2Fv2%2Ftags&post=3164"}],"curies":[{"name":"wp","href":"https:\/\/api.w.org\/{rel}","templated":true}]}}