{"id":3185,"date":"2024-10-20T13:57:49","date_gmt":"2024-10-20T11:57:49","guid":{"rendered":"https:\/\/wgphoto.pl\/t\/?p=3185"},"modified":"2024-10-20T13:57:49","modified_gmt":"2024-10-20T11:57:49","slug":"rzepy","status":"publish","type":"post","link":"http:\/\/wgphoto.pl\/t\/?p=3185","title":{"rendered":"Rzepy"},"content":{"rendered":"\n<figure class=\"wp-block-image aligncenter size-full\"><img loading=\"lazy\" decoding=\"async\" width=\"1050\" height=\"703\" src=\"https:\/\/wgphoto.pl\/t\/wp-content\/uploads\/2024\/10\/IMGP0099.jpg\" alt=\"\" class=\"wp-image-3186\" srcset=\"http:\/\/wgphoto.pl\/t\/wp-content\/uploads\/2024\/10\/IMGP0099.jpg 1050w, http:\/\/wgphoto.pl\/t\/wp-content\/uploads\/2024\/10\/IMGP0099-300x201.jpg 300w, http:\/\/wgphoto.pl\/t\/wp-content\/uploads\/2024\/10\/IMGP0099-768x514.jpg 768w\" sizes=\"auto, (max-width: 1050px) 100vw, 1050px\" \/><\/figure>\n\n\n\n<div class=\"wp-block-group has-global-padding is-layout-constrained wp-block-group-is-layout-constrained\">\n<p>Praga, ul. Makovsk\u00e9ho. \u0160koda 14T 9136 zatrzymuje si\u0119 na przystanku <em>Sl\u00e1nsk\u00e1<\/em> w dzielnicy \u0158epy na dzikim zachodzie miasta. \ud83d\ude09 16.02.2009<\/p>\n<\/div>\n","protected":false},"excerpt":{"rendered":"<p>Praga, ul. Makovsk\u00e9ho. \u0160koda 14T 9136 zatrzymuje si\u0119 na przystanku Sl\u00e1nsk\u00e1 w dzielnicy \u0158epy na dzikim zachodzie miasta. \ud83d\ude09 16.02.2009<\/p>\n","protected":false},"author":1,"featured_media":3186,"comment_status":"open","ping_status":"","sticky":false,"template":"","format":"standard","meta":{"footnotes":""},"categories":[169,3],"tags":[1497,34,49,1049,52,1496,216],"class_list":["post-3185","post","type-post","status-publish","format-standard","has-post-thumbnail","hentry","category-rok-2009","category-tramwaj","tag-2009-02-16","tag-architektura","tag-czechy","tag-dp-praha","tag-praga","tag-skoda-14t","tag-skoda-elektra"],"_links":{"self":[{"href":"http:\/\/wgphoto.pl\/t\/index.php?rest_route=\/wp\/v2\/posts\/3185","targetHints":{"allow":["GET"]}}],"collection":[{"href":"http:\/\/wgphoto.pl\/t\/index.php?rest_route=\/wp\/v2\/posts"}],"about":[{"href":"http:\/\/wgphoto.pl\/t\/index.php?rest_route=\/wp\/v2\/types\/post"}],"author":[{"embeddable":true,"href":"http:\/\/wgphoto.pl\/t\/index.php?rest_route=\/wp\/v2\/users\/1"}],"replies":[{"embeddable":true,"href":"http:\/\/wgphoto.pl\/t\/index.php?rest_route=%2Fwp%2Fv2%2Fcomments&post=3185"}],"version-history":[{"count":1,"href":"http:\/\/wgphoto.pl\/t\/index.php?rest_route=\/wp\/v2\/posts\/3185\/revisions"}],"predecessor-version":[{"id":3187,"href":"http:\/\/wgphoto.pl\/t\/index.php?rest_route=\/wp\/v2\/posts\/3185\/revisions\/3187"}],"wp:featuredmedia":[{"embeddable":true,"href":"http:\/\/wgphoto.pl\/t\/index.php?rest_route=\/wp\/v2\/media\/3186"}],"wp:attachment":[{"href":"http:\/\/wgphoto.pl\/t\/index.php?rest_route=%2Fwp%2Fv2%2Fmedia&parent=3185"}],"wp:term":[{"taxonomy":"category","embeddable":true,"href":"http:\/\/wgphoto.pl\/t\/index.php?rest_route=%2Fwp%2Fv2%2Fcategories&post=3185"},{"taxonomy":"post_tag","embeddable":true,"href":"http:\/\/wgphoto.pl\/t\/index.php?rest_route=%2Fwp%2Fv2%2Ftags&post=3185"}],"curies":[{"name":"wp","href":"https:\/\/api.w.org\/{rel}","templated":true}]}}