{"id":3188,"date":"2024-10-20T13:58:54","date_gmt":"2024-10-20T11:58:54","guid":{"rendered":"https:\/\/wgphoto.pl\/t\/?p=3188"},"modified":"2025-07-06T10:57:59","modified_gmt":"2025-07-06T08:57:59","slug":"baciu-triaj","status":"publish","type":"post","link":"http:\/\/wgphoto.pl\/t\/?p=3188","title":{"rendered":"Baciu Triaj"},"content":{"rendered":"\n<figure class=\"wp-block-image aligncenter size-full\"><img loading=\"lazy\" decoding=\"async\" width=\"1200\" height=\"795\" src=\"https:\/\/wgphoto.pl\/t\/wp-content\/uploads\/2024\/10\/IMGP6397.jpg\" alt=\"\" class=\"wp-image-3189\" srcset=\"http:\/\/wgphoto.pl\/t\/wp-content\/uploads\/2024\/10\/IMGP6397.jpg 1200w, http:\/\/wgphoto.pl\/t\/wp-content\/uploads\/2024\/10\/IMGP6397-300x199.jpg 300w, http:\/\/wgphoto.pl\/t\/wp-content\/uploads\/2024\/10\/IMGP6397-768x509.jpg 768w\" sizes=\"auto, (max-width: 1200px) 100vw, 1200px\" \/><\/figure>\n\n\n\n<div class=\"wp-block-group has-global-padding is-layout-constrained wp-block-group-is-layout-constrained\">\n<p>Rumun 60.1533-3 przewo\u017anika Grup Feroviar Rom\u00e2n leniwie pyrka na bocznym torze tytu\u0142owej stacji w oczekiwaniu na przepuszczenie jakiej\u015b osob\u00f3wki. Stacja Baciu Triaj, le\u017c\u0105ca na granicy Klu\u017cu-Napoki, na wyje\u017adzie w stron\u0119 Oradei, jest cz\u0119\u015bciowo zelektryfikowana i drut si\u0119 tutaj ko\u0144czy. W zamy\u015ble mia\u0142 biec dalej, a do tego czasu pewnie planowano przepinanie tutaj diesli na elektryki, o czym \u015bwiadczy spora grupa towarowa za krzakami po prawej (a konkretniej: w\u0142a\u015bnie w tych krzakach), ale rzeczywisto\u015b\u0107 nie jest idealna i obecnie nic si\u0119 tutaj nie dzieje. 21.10.2019<\/p>\n<\/div>\n","protected":false},"excerpt":{"rendered":"<p>Rumun 60.1533-3 przewo\u017anika Grup Feroviar Rom\u00e2n leniwie pyrka na bocznym torze tytu\u0142owej stacji w oczekiwaniu na przepuszczenie jakiej\u015b osob\u00f3wki. Stacja Baciu Triaj, le\u017c\u0105ca na granicy Klu\u017cu-Napoki, na wyje\u017adzie w stron\u0119 Oradei, jest cz\u0119\u015bciowo zelektryfikowana i drut si\u0119 tutaj ko\u0144czy. W zamy\u015ble mia\u0142 biec dalej, a do tego czasu pewnie planowano przepinanie tutaj diesli na elektryki, [&hellip;]<\/p>\n","protected":false},"author":1,"featured_media":3189,"comment_status":"open","ping_status":"","sticky":false,"template":"","format":"standard","meta":{"footnotes":""},"categories":[2,136],"tags":[1498,4186,1499,1500,1501,574,575],"class_list":["post-3188","post","type-post","status-publish","format-standard","has-post-thumbnail","hentry","category-kolej","category-rok-2019","tag-2019-10-21","tag-4186","tag-baciu-triaj","tag-cluj-napoca","tag-gfr","tag-rumunia","tag-wakacje-2019"],"_links":{"self":[{"href":"http:\/\/wgphoto.pl\/t\/index.php?rest_route=\/wp\/v2\/posts\/3188","targetHints":{"allow":["GET"]}}],"collection":[{"href":"http:\/\/wgphoto.pl\/t\/index.php?rest_route=\/wp\/v2\/posts"}],"about":[{"href":"http:\/\/wgphoto.pl\/t\/index.php?rest_route=\/wp\/v2\/types\/post"}],"author":[{"embeddable":true,"href":"http:\/\/wgphoto.pl\/t\/index.php?rest_route=\/wp\/v2\/users\/1"}],"replies":[{"embeddable":true,"href":"http:\/\/wgphoto.pl\/t\/index.php?rest_route=%2Fwp%2Fv2%2Fcomments&post=3188"}],"version-history":[{"count":1,"href":"http:\/\/wgphoto.pl\/t\/index.php?rest_route=\/wp\/v2\/posts\/3188\/revisions"}],"predecessor-version":[{"id":3190,"href":"http:\/\/wgphoto.pl\/t\/index.php?rest_route=\/wp\/v2\/posts\/3188\/revisions\/3190"}],"wp:featuredmedia":[{"embeddable":true,"href":"http:\/\/wgphoto.pl\/t\/index.php?rest_route=\/wp\/v2\/media\/3189"}],"wp:attachment":[{"href":"http:\/\/wgphoto.pl\/t\/index.php?rest_route=%2Fwp%2Fv2%2Fmedia&parent=3188"}],"wp:term":[{"taxonomy":"category","embeddable":true,"href":"http:\/\/wgphoto.pl\/t\/index.php?rest_route=%2Fwp%2Fv2%2Fcategories&post=3188"},{"taxonomy":"post_tag","embeddable":true,"href":"http:\/\/wgphoto.pl\/t\/index.php?rest_route=%2Fwp%2Fv2%2Ftags&post=3188"}],"curies":[{"name":"wp","href":"https:\/\/api.w.org\/{rel}","templated":true}]}}