{"id":3284,"date":"2024-10-21T19:32:44","date_gmt":"2024-10-21T17:32:44","guid":{"rendered":"https:\/\/wgphoto.pl\/t\/?p=3284"},"modified":"2024-10-21T19:32:44","modified_gmt":"2024-10-21T17:32:44","slug":"blacha-falista","status":"publish","type":"post","link":"http:\/\/wgphoto.pl\/t\/?p=3284","title":{"rendered":"Blacha falista"},"content":{"rendered":"\n<figure class=\"wp-block-image aligncenter size-full\"><img loading=\"lazy\" decoding=\"async\" width=\"1200\" height=\"803\" src=\"https:\/\/wgphoto.pl\/t\/wp-content\/uploads\/2024\/10\/IMGP3503.jpg\" alt=\"\" class=\"wp-image-3285\" srcset=\"http:\/\/wgphoto.pl\/t\/wp-content\/uploads\/2024\/10\/IMGP3503.jpg 1200w, http:\/\/wgphoto.pl\/t\/wp-content\/uploads\/2024\/10\/IMGP3503-300x201.jpg 300w, http:\/\/wgphoto.pl\/t\/wp-content\/uploads\/2024\/10\/IMGP3503-768x514.jpg 768w\" sizes=\"auto, (max-width: 1200px) 100vw, 1200px\" \/><\/figure>\n\n\n\n<div class=\"wp-block-group has-global-padding is-layout-constrained wp-block-group-is-layout-constrained\">\n<p>Sarajewo, ul. Mar\u0161ala Tita. Tatry z ryflowan\u0105 blach\u0105 w wersji fabrycznej wyst\u0119powa\u0142y dosy\u0107 powszechnie. Na \u017cywo uda\u0142o mi si\u0119 takie zobaczy\u0107 jeszcze tylko w Bratys\u0142awie i Sarajewie. Ten akurat wagon trafi\u0142 zreszt\u0105 do Bo\u015bni w\u0142a\u015bnie ze S\u0142owacji. 24.08.2011<\/p>\n<\/div>\n","protected":false},"excerpt":{"rendered":"<p>Sarajewo, ul. Mar\u0161ala Tita. Tatry z ryflowan\u0105 blach\u0105 w wersji fabrycznej wyst\u0119powa\u0142y dosy\u0107 powszechnie. Na \u017cywo uda\u0142o mi si\u0119 takie zobaczy\u0107 jeszcze tylko w Bratys\u0142awie i Sarajewie. Ten akurat wagon trafi\u0142 zreszt\u0105 do Bo\u015bni w\u0142a\u015bnie ze S\u0142owacji. 24.08.2011<\/p>\n","protected":false},"author":1,"featured_media":3285,"comment_status":"open","ping_status":"","sticky":false,"template":"","format":"standard","meta":{"footnotes":""},"categories":[77,3],"tags":[450,447,1522,448,994],"class_list":["post-3284","post","type-post","status-publish","format-standard","has-post-thumbnail","hentry","category-rok-2011","category-tramwaj","tag-2011-08-24","tag-bosnia-i-hercegowina","tag-gras-sarajevo","tag-sarajewo","tag-tatra-k2"],"_links":{"self":[{"href":"http:\/\/wgphoto.pl\/t\/index.php?rest_route=\/wp\/v2\/posts\/3284","targetHints":{"allow":["GET"]}}],"collection":[{"href":"http:\/\/wgphoto.pl\/t\/index.php?rest_route=\/wp\/v2\/posts"}],"about":[{"href":"http:\/\/wgphoto.pl\/t\/index.php?rest_route=\/wp\/v2\/types\/post"}],"author":[{"embeddable":true,"href":"http:\/\/wgphoto.pl\/t\/index.php?rest_route=\/wp\/v2\/users\/1"}],"replies":[{"embeddable":true,"href":"http:\/\/wgphoto.pl\/t\/index.php?rest_route=%2Fwp%2Fv2%2Fcomments&post=3284"}],"version-history":[{"count":1,"href":"http:\/\/wgphoto.pl\/t\/index.php?rest_route=\/wp\/v2\/posts\/3284\/revisions"}],"predecessor-version":[{"id":3286,"href":"http:\/\/wgphoto.pl\/t\/index.php?rest_route=\/wp\/v2\/posts\/3284\/revisions\/3286"}],"wp:featuredmedia":[{"embeddable":true,"href":"http:\/\/wgphoto.pl\/t\/index.php?rest_route=\/wp\/v2\/media\/3285"}],"wp:attachment":[{"href":"http:\/\/wgphoto.pl\/t\/index.php?rest_route=%2Fwp%2Fv2%2Fmedia&parent=3284"}],"wp:term":[{"taxonomy":"category","embeddable":true,"href":"http:\/\/wgphoto.pl\/t\/index.php?rest_route=%2Fwp%2Fv2%2Fcategories&post=3284"},{"taxonomy":"post_tag","embeddable":true,"href":"http:\/\/wgphoto.pl\/t\/index.php?rest_route=%2Fwp%2Fv2%2Ftags&post=3284"}],"curies":[{"name":"wp","href":"https:\/\/api.w.org\/{rel}","templated":true}]}}