{"id":3287,"date":"2024-10-21T19:33:49","date_gmt":"2024-10-21T17:33:49","guid":{"rendered":"https:\/\/wgphoto.pl\/t\/?p=3287"},"modified":"2024-10-21T19:33:49","modified_gmt":"2024-10-21T17:33:49","slug":"k2yu-202","status":"publish","type":"post","link":"http:\/\/wgphoto.pl\/t\/?p=3287","title":{"rendered":"K2YU 202"},"content":{"rendered":"\n<figure class=\"wp-block-image aligncenter size-full\"><img loading=\"lazy\" decoding=\"async\" width=\"1200\" height=\"803\" src=\"https:\/\/wgphoto.pl\/t\/wp-content\/uploads\/2024\/10\/IMGP3525.jpg\" alt=\"\" class=\"wp-image-3288\" srcset=\"http:\/\/wgphoto.pl\/t\/wp-content\/uploads\/2024\/10\/IMGP3525.jpg 1200w, http:\/\/wgphoto.pl\/t\/wp-content\/uploads\/2024\/10\/IMGP3525-300x201.jpg 300w, http:\/\/wgphoto.pl\/t\/wp-content\/uploads\/2024\/10\/IMGP3525-768x514.jpg 768w\" sizes=\"auto, (max-width: 1200px) 100vw, 1200px\" \/><\/figure>\n\n\n\n<div class=\"wp-block-group has-global-padding is-layout-constrained wp-block-group-is-layout-constrained\">\n<p>Ilid\u017ea, Sarajevska cesta. Najstarsza miejscowa Tatra K2YU min\u0119\u0142a w\u0142a\u015bnie granic\u0119 administracyjn\u0105 Sarajewa i za kilka przystank\u00f3w zako\u0144czy kurs na p\u0119tli Ilid\u017ea. 24.08.2011<\/p>\n<\/div>\n","protected":false},"excerpt":{"rendered":"<p>Ilid\u017ea, Sarajevska cesta. Najstarsza miejscowa Tatra K2YU min\u0119\u0142a w\u0142a\u015bnie granic\u0119 administracyjn\u0105 Sarajewa i za kilka przystank\u00f3w zako\u0144czy kurs na p\u0119tli Ilid\u017ea. 24.08.2011<\/p>\n","protected":false},"author":1,"featured_media":3288,"comment_status":"open","ping_status":"","sticky":false,"template":"","format":"standard","meta":{"footnotes":""},"categories":[77,3],"tags":[450,447,114,1522,448,994],"class_list":["post-3287","post","type-post","status-publish","format-standard","has-post-thumbnail","hentry","category-rok-2011","category-tramwaj","tag-2011-08-24","tag-bosnia-i-hercegowina","tag-gory","tag-gras-sarajevo","tag-sarajewo","tag-tatra-k2"],"_links":{"self":[{"href":"http:\/\/wgphoto.pl\/t\/index.php?rest_route=\/wp\/v2\/posts\/3287","targetHints":{"allow":["GET"]}}],"collection":[{"href":"http:\/\/wgphoto.pl\/t\/index.php?rest_route=\/wp\/v2\/posts"}],"about":[{"href":"http:\/\/wgphoto.pl\/t\/index.php?rest_route=\/wp\/v2\/types\/post"}],"author":[{"embeddable":true,"href":"http:\/\/wgphoto.pl\/t\/index.php?rest_route=\/wp\/v2\/users\/1"}],"replies":[{"embeddable":true,"href":"http:\/\/wgphoto.pl\/t\/index.php?rest_route=%2Fwp%2Fv2%2Fcomments&post=3287"}],"version-history":[{"count":1,"href":"http:\/\/wgphoto.pl\/t\/index.php?rest_route=\/wp\/v2\/posts\/3287\/revisions"}],"predecessor-version":[{"id":3289,"href":"http:\/\/wgphoto.pl\/t\/index.php?rest_route=\/wp\/v2\/posts\/3287\/revisions\/3289"}],"wp:featuredmedia":[{"embeddable":true,"href":"http:\/\/wgphoto.pl\/t\/index.php?rest_route=\/wp\/v2\/media\/3288"}],"wp:attachment":[{"href":"http:\/\/wgphoto.pl\/t\/index.php?rest_route=%2Fwp%2Fv2%2Fmedia&parent=3287"}],"wp:term":[{"taxonomy":"category","embeddable":true,"href":"http:\/\/wgphoto.pl\/t\/index.php?rest_route=%2Fwp%2Fv2%2Fcategories&post=3287"},{"taxonomy":"post_tag","embeddable":true,"href":"http:\/\/wgphoto.pl\/t\/index.php?rest_route=%2Fwp%2Fv2%2Ftags&post=3287"}],"curies":[{"name":"wp","href":"https:\/\/api.w.org\/{rel}","templated":true}]}}