{"id":3293,"date":"2024-10-21T19:35:52","date_gmt":"2024-10-21T17:35:52","guid":{"rendered":"https:\/\/wgphoto.pl\/t\/?p=3293"},"modified":"2024-10-21T19:35:52","modified_gmt":"2024-10-21T17:35:52","slug":"wyjazd-pod-czujnym-okiem","status":"publish","type":"post","link":"http:\/\/wgphoto.pl\/t\/?p=3293","title":{"rendered":"Wyjazd pod czujnym okiem"},"content":{"rendered":"\n<figure class=\"wp-block-image aligncenter size-full\"><img loading=\"lazy\" decoding=\"async\" width=\"1200\" height=\"800\" src=\"https:\/\/wgphoto.pl\/t\/wp-content\/uploads\/2024\/10\/0527-31.jpg\" alt=\"\" class=\"wp-image-3294\" srcset=\"http:\/\/wgphoto.pl\/t\/wp-content\/uploads\/2024\/10\/0527-31.jpg 1200w, http:\/\/wgphoto.pl\/t\/wp-content\/uploads\/2024\/10\/0527-31-300x200.jpg 300w, http:\/\/wgphoto.pl\/t\/wp-content\/uploads\/2024\/10\/0527-31-768x512.jpg 768w\" sizes=\"auto, (max-width: 1200px) 100vw, 1200px\" \/><\/figure>\n\n\n\n<div class=\"wp-block-group has-global-padding is-layout-constrained wp-block-group-is-layout-constrained\">\n<p>Poci\u0105g osobowy 9940 relacji Nysa &#8211; Opole G\u0142\u00f3wne odje\u017cd\u017ca z \u0141ambinowic. Bardzo podoba mi si\u0119 na tym zdj\u0119ciu p\u00f3\u0142 twarzy kierownika poci\u0105gu, niczym z jakiej\u015b grafiki ze szpiegiem. \ud83d\ude09 21.09.2005<\/p>\n<\/div>\n","protected":false},"excerpt":{"rendered":"<p>Poci\u0105g osobowy 9940 relacji Nysa &#8211; Opole G\u0142\u00f3wne odje\u017cd\u017ca z \u0141ambinowic. Bardzo podoba mi si\u0119 na tym zdj\u0119ciu p\u00f3\u0142 twarzy kierownika poci\u0105gu, niczym z jakiej\u015b grafiki ze szpiegiem. \ud83d\ude09 21.09.2005<\/p>\n","protected":false},"author":1,"featured_media":3294,"comment_status":"open","ping_status":"","sticky":false,"template":"","format":"standard","meta":{"footnotes":""},"categories":[62,2,311],"tags":[1307,288,173,1306,63,27,53,312,265],"class_list":["post-3293","post","type-post","status-publish","format-standard","has-post-thumbnail","hentry","category-analog","category-kolej","category-rok-2005","tag-2005-09-21","tag-bipa","tag-koncowki","tag-lambinowice","tag-pkp","tag-polska","tag-sygnalizacja-ksztaltowa","tag-tab-pl202","tag-wagon"],"_links":{"self":[{"href":"http:\/\/wgphoto.pl\/t\/index.php?rest_route=\/wp\/v2\/posts\/3293","targetHints":{"allow":["GET"]}}],"collection":[{"href":"http:\/\/wgphoto.pl\/t\/index.php?rest_route=\/wp\/v2\/posts"}],"about":[{"href":"http:\/\/wgphoto.pl\/t\/index.php?rest_route=\/wp\/v2\/types\/post"}],"author":[{"embeddable":true,"href":"http:\/\/wgphoto.pl\/t\/index.php?rest_route=\/wp\/v2\/users\/1"}],"replies":[{"embeddable":true,"href":"http:\/\/wgphoto.pl\/t\/index.php?rest_route=%2Fwp%2Fv2%2Fcomments&post=3293"}],"version-history":[{"count":1,"href":"http:\/\/wgphoto.pl\/t\/index.php?rest_route=\/wp\/v2\/posts\/3293\/revisions"}],"predecessor-version":[{"id":3295,"href":"http:\/\/wgphoto.pl\/t\/index.php?rest_route=\/wp\/v2\/posts\/3293\/revisions\/3295"}],"wp:featuredmedia":[{"embeddable":true,"href":"http:\/\/wgphoto.pl\/t\/index.php?rest_route=\/wp\/v2\/media\/3294"}],"wp:attachment":[{"href":"http:\/\/wgphoto.pl\/t\/index.php?rest_route=%2Fwp%2Fv2%2Fmedia&parent=3293"}],"wp:term":[{"taxonomy":"category","embeddable":true,"href":"http:\/\/wgphoto.pl\/t\/index.php?rest_route=%2Fwp%2Fv2%2Fcategories&post=3293"},{"taxonomy":"post_tag","embeddable":true,"href":"http:\/\/wgphoto.pl\/t\/index.php?rest_route=%2Fwp%2Fv2%2Ftags&post=3293"}],"curies":[{"name":"wp","href":"https:\/\/api.w.org\/{rel}","templated":true}]}}