{"id":3371,"date":"2024-10-21T20:05:50","date_gmt":"2024-10-21T18:05:50","guid":{"rendered":"https:\/\/wgphoto.pl\/t\/?p=3371"},"modified":"2024-10-21T20:05:50","modified_gmt":"2024-10-21T18:05:50","slug":"niepowodzenie-w-bechyne","status":"publish","type":"post","link":"http:\/\/wgphoto.pl\/t\/?p=3371","title":{"rendered":"Niepowodzenie w Bechyn\u011b"},"content":{"rendered":"\n<figure class=\"wp-block-image aligncenter size-full\"><img loading=\"lazy\" decoding=\"async\" width=\"1200\" height=\"803\" src=\"https:\/\/wgphoto.pl\/t\/wp-content\/uploads\/2024\/10\/IMGP3978.jpg\" alt=\"\" class=\"wp-image-3372\" srcset=\"http:\/\/wgphoto.pl\/t\/wp-content\/uploads\/2024\/10\/IMGP3978.jpg 1200w, http:\/\/wgphoto.pl\/t\/wp-content\/uploads\/2024\/10\/IMGP3978-300x201.jpg 300w, http:\/\/wgphoto.pl\/t\/wp-content\/uploads\/2024\/10\/IMGP3978-768x514.jpg 768w\" sizes=\"auto, (max-width: 1200px) 100vw, 1200px\" \/><\/figure>\n\n\n\n<div class=\"wp-block-group has-global-padding is-layout-constrained wp-block-group-is-layout-constrained\">\n<p>Poci\u0105g osobowy 28407 relacji Bechyn\u011b &#8211; T\u00e1bor poprowadzi Kocour 742 276-9. Przyjecha\u0142em tu \u017ceby sfotografowa\u0107 jeden z dw\u00f3ch w ci\u0105gu doby wagonowych poci\u0105g\u00f3w na tej trasie, prowadzonych elektrowozem zasilanym 1500 V DC. To by\u0142a ostatnia taka atrakcja w CZ, przy czym ta druga para jecha\u0142a o jeszcze ciekawszej porze, nocuj\u0105c w Bechyn\u011b, reszt\u0119 za\u015b kurs\u00f3w obs\u0142ugiwa\u0142y Regionovy. Jak wida\u0107, plan si\u0119 posypa\u0142, gdy\u017c wagony (a raczej doczepy serii 010 do motorak\u00f3w) pojecha\u0142y, ale z dieslem na czele. Pomimo up\u0142ywu lat linia ta wci\u0105\u017c jest zasilana niestandardowym napi\u0119ciem, walka mi\u0119dzy dieslem i elektrykiem trwa nadal, jedyna zmiana jest taka, \u017ce dostrze\u017cono w tym pewn\u0105 atrakcj\u0119 turystyczn\u0105, wi\u0119c elektryczne poci\u0105gi nie s\u0105 ju\u017c zagro\u017cone. Mam wi\u0119c szans\u0119 na poprawk\u0119. 26.09.2011<\/p>\n<\/div>\n","protected":false},"excerpt":{"rendered":"<p>Poci\u0105g osobowy 28407 relacji Bechyn\u011b &#8211; T\u00e1bor poprowadzi Kocour 742 276-9. Przyjecha\u0142em tu \u017ceby sfotografowa\u0107 jeden z dw\u00f3ch w ci\u0105gu doby wagonowych poci\u0105g\u00f3w na tej trasie, prowadzonych elektrowozem zasilanym 1500 V DC. To by\u0142a ostatnia taka atrakcja w CZ, przy czym ta druga para jecha\u0142a o jeszcze ciekawszej porze, nocuj\u0105c w Bechyn\u011b, reszt\u0119 za\u015b kurs\u00f3w [&hellip;]<\/p>\n","protected":false},"author":1,"featured_media":3372,"comment_status":"open","ping_status":"","sticky":false,"template":"","format":"standard","meta":{"footnotes":""},"categories":[2,77],"tags":[1471,496,1541,91,50,49,821,94,176,1542],"class_list":["post-3371","post","type-post","status-publish","format-standard","has-post-thumbnail","hentry","category-kolej","category-rok-2011","tag-2011-09-26","tag-496","tag-bechyne","tag-blue-hour","tag-cd","tag-czechy","tag-mgla","tag-na-kolejowym-koncu-swiata","tag-rano","tag-tab-cz202"],"_links":{"self":[{"href":"http:\/\/wgphoto.pl\/t\/index.php?rest_route=\/wp\/v2\/posts\/3371","targetHints":{"allow":["GET"]}}],"collection":[{"href":"http:\/\/wgphoto.pl\/t\/index.php?rest_route=\/wp\/v2\/posts"}],"about":[{"href":"http:\/\/wgphoto.pl\/t\/index.php?rest_route=\/wp\/v2\/types\/post"}],"author":[{"embeddable":true,"href":"http:\/\/wgphoto.pl\/t\/index.php?rest_route=\/wp\/v2\/users\/1"}],"replies":[{"embeddable":true,"href":"http:\/\/wgphoto.pl\/t\/index.php?rest_route=%2Fwp%2Fv2%2Fcomments&post=3371"}],"version-history":[{"count":1,"href":"http:\/\/wgphoto.pl\/t\/index.php?rest_route=\/wp\/v2\/posts\/3371\/revisions"}],"predecessor-version":[{"id":3373,"href":"http:\/\/wgphoto.pl\/t\/index.php?rest_route=\/wp\/v2\/posts\/3371\/revisions\/3373"}],"wp:featuredmedia":[{"embeddable":true,"href":"http:\/\/wgphoto.pl\/t\/index.php?rest_route=\/wp\/v2\/media\/3372"}],"wp:attachment":[{"href":"http:\/\/wgphoto.pl\/t\/index.php?rest_route=%2Fwp%2Fv2%2Fmedia&parent=3371"}],"wp:term":[{"taxonomy":"category","embeddable":true,"href":"http:\/\/wgphoto.pl\/t\/index.php?rest_route=%2Fwp%2Fv2%2Fcategories&post=3371"},{"taxonomy":"post_tag","embeddable":true,"href":"http:\/\/wgphoto.pl\/t\/index.php?rest_route=%2Fwp%2Fv2%2Ftags&post=3371"}],"curies":[{"name":"wp","href":"https:\/\/api.w.org\/{rel}","templated":true}]}}