{"id":3374,"date":"2024-10-21T20:06:58","date_gmt":"2024-10-21T18:06:58","guid":{"rendered":"https:\/\/wgphoto.pl\/t\/?p=3374"},"modified":"2024-10-21T20:06:58","modified_gmt":"2024-10-21T18:06:58","slug":"bechyne-ponownie","status":"publish","type":"post","link":"http:\/\/wgphoto.pl\/t\/?p=3374","title":{"rendered":"Bechyn\u011b ponownie"},"content":{"rendered":"\n<figure class=\"wp-block-image aligncenter size-full\"><img loading=\"lazy\" decoding=\"async\" width=\"1200\" height=\"803\" src=\"https:\/\/wgphoto.pl\/t\/wp-content\/uploads\/2024\/10\/IMGP3979.jpg\" alt=\"\" class=\"wp-image-3375\" srcset=\"http:\/\/wgphoto.pl\/t\/wp-content\/uploads\/2024\/10\/IMGP3979.jpg 1200w, http:\/\/wgphoto.pl\/t\/wp-content\/uploads\/2024\/10\/IMGP3979-300x201.jpg 300w, http:\/\/wgphoto.pl\/t\/wp-content\/uploads\/2024\/10\/IMGP3979-768x514.jpg 768w\" sizes=\"auto, (max-width: 1200px) 100vw, 1200px\" \/><\/figure>\n\n\n\n<div class=\"wp-block-group has-global-padding is-layout-constrained wp-block-group-is-layout-constrained\">\n<p>Nie mog\u0119 si\u0119 zdecydowa\u0107 na docelowe uj\u0119cie, wi\u0119c \u0142aduj\u0119 oba. 26.09.2011<\/p>\n<\/div>\n","protected":false},"excerpt":{"rendered":"<p>Nie mog\u0119 si\u0119 zdecydowa\u0107 na docelowe uj\u0119cie, wi\u0119c \u0142aduj\u0119 oba. 26.09.2011<\/p>\n","protected":false},"author":1,"featured_media":3375,"comment_status":"open","ping_status":"","sticky":false,"template":"","format":"standard","meta":{"footnotes":""},"categories":[2,77],"tags":[1471,496,1541,91,50,49,151,821,94,176,1542],"class_list":["post-3374","post","type-post","status-publish","format-standard","has-post-thumbnail","hentry","category-kolej","category-rok-2011","tag-2011-09-26","tag-496","tag-bechyne","tag-blue-hour","tag-cd","tag-czechy","tag-ludzie","tag-mgla","tag-na-kolejowym-koncu-swiata","tag-rano","tag-tab-cz202"],"_links":{"self":[{"href":"http:\/\/wgphoto.pl\/t\/index.php?rest_route=\/wp\/v2\/posts\/3374","targetHints":{"allow":["GET"]}}],"collection":[{"href":"http:\/\/wgphoto.pl\/t\/index.php?rest_route=\/wp\/v2\/posts"}],"about":[{"href":"http:\/\/wgphoto.pl\/t\/index.php?rest_route=\/wp\/v2\/types\/post"}],"author":[{"embeddable":true,"href":"http:\/\/wgphoto.pl\/t\/index.php?rest_route=\/wp\/v2\/users\/1"}],"replies":[{"embeddable":true,"href":"http:\/\/wgphoto.pl\/t\/index.php?rest_route=%2Fwp%2Fv2%2Fcomments&post=3374"}],"version-history":[{"count":1,"href":"http:\/\/wgphoto.pl\/t\/index.php?rest_route=\/wp\/v2\/posts\/3374\/revisions"}],"predecessor-version":[{"id":3376,"href":"http:\/\/wgphoto.pl\/t\/index.php?rest_route=\/wp\/v2\/posts\/3374\/revisions\/3376"}],"wp:featuredmedia":[{"embeddable":true,"href":"http:\/\/wgphoto.pl\/t\/index.php?rest_route=\/wp\/v2\/media\/3375"}],"wp:attachment":[{"href":"http:\/\/wgphoto.pl\/t\/index.php?rest_route=%2Fwp%2Fv2%2Fmedia&parent=3374"}],"wp:term":[{"taxonomy":"category","embeddable":true,"href":"http:\/\/wgphoto.pl\/t\/index.php?rest_route=%2Fwp%2Fv2%2Fcategories&post=3374"},{"taxonomy":"post_tag","embeddable":true,"href":"http:\/\/wgphoto.pl\/t\/index.php?rest_route=%2Fwp%2Fv2%2Ftags&post=3374"}],"curies":[{"name":"wp","href":"https:\/\/api.w.org\/{rel}","templated":true}]}}