{"id":3383,"date":"2024-10-21T20:10:04","date_gmt":"2024-10-21T18:10:04","guid":{"rendered":"https:\/\/wgphoto.pl\/t\/?p=3383"},"modified":"2024-10-21T20:10:04","modified_gmt":"2024-10-21T18:10:04","slug":"popoludniowa-bipa","status":"publish","type":"post","link":"http:\/\/wgphoto.pl\/t\/?p=3383","title":{"rendered":"Popo\u0142udniowa Bipa"},"content":{"rendered":"\n<figure class=\"wp-block-image aligncenter size-full\"><img loading=\"lazy\" decoding=\"async\" width=\"1200\" height=\"800\" src=\"https:\/\/wgphoto.pl\/t\/wp-content\/uploads\/2024\/10\/0622-32.jpg\" alt=\"\" class=\"wp-image-3384\" srcset=\"http:\/\/wgphoto.pl\/t\/wp-content\/uploads\/2024\/10\/0622-32.jpg 1200w, http:\/\/wgphoto.pl\/t\/wp-content\/uploads\/2024\/10\/0622-32-300x200.jpg 300w, http:\/\/wgphoto.pl\/t\/wp-content\/uploads\/2024\/10\/0622-32-768x512.jpg 768w\" sizes=\"auto, (max-width: 1200px) 100vw, 1200px\" \/><\/figure>\n\n\n\n<div class=\"wp-block-group has-global-padding is-layout-constrained wp-block-group-is-layout-constrained\">\n<p>Podg. Grabiszyn. ET21-604 prowadzi p\u00f3\u017anopopo\u0142udniowy poci\u0105g nr 235 z Wroc\u0142awia G\u0142\u00f3wnego do Wa\u0142brzycha G\u0142\u00f3wnego. 10.09.2006<\/p>\n<\/div>\n","protected":false},"excerpt":{"rendered":"<p>Podg. Grabiszyn. ET21-604 prowadzi p\u00f3\u017anopopo\u0142udniowy poci\u0105g nr 235 z Wroc\u0142awia G\u0142\u00f3wnego do Wa\u0142brzycha G\u0142\u00f3wnego. 10.09.2006<\/p>\n","protected":false},"author":1,"featured_media":3384,"comment_status":"open","ping_status":"","sticky":false,"template":"","format":"standard","meta":{"footnotes":""},"categories":[62,2,130],"tags":[1545,288,198,63,1544,200,41],"class_list":["post-3383","post","type-post","status-publish","format-standard","has-post-thumbnail","hentry","category-analog","category-kolej","category-rok-2006","tag-2006-09-10","tag-bipa","tag-et21","tag-pkp","tag-podg-grabiszyn","tag-tab-pl240","tag-wroclaw"],"_links":{"self":[{"href":"http:\/\/wgphoto.pl\/t\/index.php?rest_route=\/wp\/v2\/posts\/3383","targetHints":{"allow":["GET"]}}],"collection":[{"href":"http:\/\/wgphoto.pl\/t\/index.php?rest_route=\/wp\/v2\/posts"}],"about":[{"href":"http:\/\/wgphoto.pl\/t\/index.php?rest_route=\/wp\/v2\/types\/post"}],"author":[{"embeddable":true,"href":"http:\/\/wgphoto.pl\/t\/index.php?rest_route=\/wp\/v2\/users\/1"}],"replies":[{"embeddable":true,"href":"http:\/\/wgphoto.pl\/t\/index.php?rest_route=%2Fwp%2Fv2%2Fcomments&post=3383"}],"version-history":[{"count":1,"href":"http:\/\/wgphoto.pl\/t\/index.php?rest_route=\/wp\/v2\/posts\/3383\/revisions"}],"predecessor-version":[{"id":3385,"href":"http:\/\/wgphoto.pl\/t\/index.php?rest_route=\/wp\/v2\/posts\/3383\/revisions\/3385"}],"wp:featuredmedia":[{"embeddable":true,"href":"http:\/\/wgphoto.pl\/t\/index.php?rest_route=\/wp\/v2\/media\/3384"}],"wp:attachment":[{"href":"http:\/\/wgphoto.pl\/t\/index.php?rest_route=%2Fwp%2Fv2%2Fmedia&parent=3383"}],"wp:term":[{"taxonomy":"category","embeddable":true,"href":"http:\/\/wgphoto.pl\/t\/index.php?rest_route=%2Fwp%2Fv2%2Fcategories&post=3383"},{"taxonomy":"post_tag","embeddable":true,"href":"http:\/\/wgphoto.pl\/t\/index.php?rest_route=%2Fwp%2Fv2%2Ftags&post=3383"}],"curies":[{"name":"wp","href":"https:\/\/api.w.org\/{rel}","templated":true}]}}