{"id":3410,"date":"2024-10-21T20:20:33","date_gmt":"2024-10-21T18:20:33","guid":{"rendered":"https:\/\/wgphoto.pl\/t\/?p=3410"},"modified":"2024-10-21T20:20:33","modified_gmt":"2024-10-21T18:20:33","slug":"grabiszynska-2007","status":"publish","type":"post","link":"http:\/\/wgphoto.pl\/t\/?p=3410","title":{"rendered":"Grabiszy\u0144ska 2007"},"content":{"rendered":"\n<figure class=\"wp-block-image aligncenter size-full\"><img loading=\"lazy\" decoding=\"async\" width=\"750\" height=\"1000\" src=\"https:\/\/wgphoto.pl\/t\/wp-content\/uploads\/2024\/10\/0705-22.jpg\" alt=\"\" class=\"wp-image-3411\" srcset=\"http:\/\/wgphoto.pl\/t\/wp-content\/uploads\/2024\/10\/0705-22.jpg 750w, http:\/\/wgphoto.pl\/t\/wp-content\/uploads\/2024\/10\/0705-22-225x300.jpg 225w\" sizes=\"auto, (max-width: 750px) 100vw, 750px\" \/><\/figure>\n\n\n\n<div class=\"wp-block-group has-global-padding is-layout-constrained wp-block-group-is-layout-constrained\">\n<p>Wroc\u0142aw, ul. Grabiszy\u0144ska. 102Na 2052 toczy si\u0119 w kierunku Cmentarza Grabiszy\u0144skiego. Sympatycznie si\u0119 z\u0142o\u017cy\u0142o, \u017ce w tle jad\u0105 kolejne dwie stodw\u00f3jki. 18.03.2007<\/p>\n<\/div>\n","protected":false},"excerpt":{"rendered":"<p>Wroc\u0142aw, ul. Grabiszy\u0144ska. 102Na 2052 toczy si\u0119 w kierunku Cmentarza Grabiszy\u0144skiego. Sympatycznie si\u0119 z\u0142o\u017cy\u0142o, \u017ce w tle jad\u0105 kolejne dwie stodw\u00f3jki. 18.03.2007<\/p>\n","protected":false},"author":1,"featured_media":3411,"comment_status":"open","ping_status":"","sticky":false,"template":"","format":"standard","meta":{"footnotes":""},"categories":[62,128,96,3],"tags":[1552,13,1553,309,42,27,41],"class_list":["post-3410","post","type-post","status-publish","format-standard","has-post-thumbnail","hentry","category-analog","category-pionowe","category-rok-2007","category-tramwaj","tag-2007-03-18","tag-deszcz","tag-grabiszynska","tag-konstal-102na","tag-mpk-wroclaw","tag-polska","tag-wroclaw"],"_links":{"self":[{"href":"http:\/\/wgphoto.pl\/t\/index.php?rest_route=\/wp\/v2\/posts\/3410","targetHints":{"allow":["GET"]}}],"collection":[{"href":"http:\/\/wgphoto.pl\/t\/index.php?rest_route=\/wp\/v2\/posts"}],"about":[{"href":"http:\/\/wgphoto.pl\/t\/index.php?rest_route=\/wp\/v2\/types\/post"}],"author":[{"embeddable":true,"href":"http:\/\/wgphoto.pl\/t\/index.php?rest_route=\/wp\/v2\/users\/1"}],"replies":[{"embeddable":true,"href":"http:\/\/wgphoto.pl\/t\/index.php?rest_route=%2Fwp%2Fv2%2Fcomments&post=3410"}],"version-history":[{"count":1,"href":"http:\/\/wgphoto.pl\/t\/index.php?rest_route=\/wp\/v2\/posts\/3410\/revisions"}],"predecessor-version":[{"id":3412,"href":"http:\/\/wgphoto.pl\/t\/index.php?rest_route=\/wp\/v2\/posts\/3410\/revisions\/3412"}],"wp:featuredmedia":[{"embeddable":true,"href":"http:\/\/wgphoto.pl\/t\/index.php?rest_route=\/wp\/v2\/media\/3411"}],"wp:attachment":[{"href":"http:\/\/wgphoto.pl\/t\/index.php?rest_route=%2Fwp%2Fv2%2Fmedia&parent=3410"}],"wp:term":[{"taxonomy":"category","embeddable":true,"href":"http:\/\/wgphoto.pl\/t\/index.php?rest_route=%2Fwp%2Fv2%2Fcategories&post=3410"},{"taxonomy":"post_tag","embeddable":true,"href":"http:\/\/wgphoto.pl\/t\/index.php?rest_route=%2Fwp%2Fv2%2Ftags&post=3410"}],"curies":[{"name":"wp","href":"https:\/\/api.w.org\/{rel}","templated":true}]}}