{"id":3416,"date":"2024-10-21T20:22:48","date_gmt":"2024-10-21T18:22:48","guid":{"rendered":"https:\/\/wgphoto.pl\/t\/?p=3416"},"modified":"2024-10-21T20:22:48","modified_gmt":"2024-10-21T18:22:48","slug":"o-psie-ktory-nie-jezdzil-tramwajem","status":"publish","type":"post","link":"http:\/\/wgphoto.pl\/t\/?p=3416","title":{"rendered":"O psie, kt\u00f3ry nie je\u017adzi\u0142 tramwajem"},"content":{"rendered":"\n<figure class=\"wp-block-image aligncenter size-full\"><img loading=\"lazy\" decoding=\"async\" width=\"1200\" height=\"795\" src=\"https:\/\/wgphoto.pl\/t\/wp-content\/uploads\/2024\/10\/IMGP5476.jpg\" alt=\"\" class=\"wp-image-3417\" srcset=\"http:\/\/wgphoto.pl\/t\/wp-content\/uploads\/2024\/10\/IMGP5476.jpg 1200w, http:\/\/wgphoto.pl\/t\/wp-content\/uploads\/2024\/10\/IMGP5476-300x199.jpg 300w, http:\/\/wgphoto.pl\/t\/wp-content\/uploads\/2024\/10\/IMGP5476-768x509.jpg 768w\" sizes=\"auto, (max-width: 1200px) 100vw, 1200px\" \/><\/figure>\n\n\n\n<div class=\"wp-block-group has-global-padding is-layout-constrained wp-block-group-is-layout-constrained\">\n<p>Bukareszt, Strada B\u0103niei, kraniec <em>Pia\u021ba Sf\u00e2ntul Gheorghe<\/em>. Spodoba\u0142a mi si\u0119 ta scenka z psami przechodz\u0105cymi przed tramwajami i m\u0142od\u0105 Rumunk\u0105 fotografuj\u0105c\u0105 sto\u0142eczne ulice. Raz na tysi\u0105c takich sytuacji uda mi si\u0119 wykona\u0107 szybki strza\u0142. \ud83d\ude09 16.10.2019<\/p>\n<\/div>\n","protected":false},"excerpt":{"rendered":"<p>Bukareszt, Strada B\u0103niei, kraniec Pia\u021ba Sf\u00e2ntul Gheorghe. Spodoba\u0142a mi si\u0119 ta scenka z psami przechodz\u0105cymi przed tramwajami i m\u0142od\u0105 Rumunk\u0105 fotografuj\u0105c\u0105 sto\u0142eczne ulice. Raz na tysi\u0105c takich sytuacji uda mi si\u0119 wykona\u0107 szybki strza\u0142. \ud83d\ude09 16.10.2019<\/p>\n","protected":false},"author":1,"featured_media":3417,"comment_status":"open","ping_status":"","sticky":false,"template":"","format":"standard","meta":{"footnotes":""},"categories":[136,3],"tags":[1556,965,126,574,966,575,1555],"class_list":["post-3416","post","type-post","status-publish","format-standard","has-post-thumbnail","hentry","category-rok-2019","category-tramwaj","tag-2019-10-16","tag-bukareszt","tag-jesien","tag-rumunia","tag-stb-bucuresti","tag-wakacje-2019","tag-zwierzyna"],"_links":{"self":[{"href":"http:\/\/wgphoto.pl\/t\/index.php?rest_route=\/wp\/v2\/posts\/3416","targetHints":{"allow":["GET"]}}],"collection":[{"href":"http:\/\/wgphoto.pl\/t\/index.php?rest_route=\/wp\/v2\/posts"}],"about":[{"href":"http:\/\/wgphoto.pl\/t\/index.php?rest_route=\/wp\/v2\/types\/post"}],"author":[{"embeddable":true,"href":"http:\/\/wgphoto.pl\/t\/index.php?rest_route=\/wp\/v2\/users\/1"}],"replies":[{"embeddable":true,"href":"http:\/\/wgphoto.pl\/t\/index.php?rest_route=%2Fwp%2Fv2%2Fcomments&post=3416"}],"version-history":[{"count":1,"href":"http:\/\/wgphoto.pl\/t\/index.php?rest_route=\/wp\/v2\/posts\/3416\/revisions"}],"predecessor-version":[{"id":3418,"href":"http:\/\/wgphoto.pl\/t\/index.php?rest_route=\/wp\/v2\/posts\/3416\/revisions\/3418"}],"wp:featuredmedia":[{"embeddable":true,"href":"http:\/\/wgphoto.pl\/t\/index.php?rest_route=\/wp\/v2\/media\/3417"}],"wp:attachment":[{"href":"http:\/\/wgphoto.pl\/t\/index.php?rest_route=%2Fwp%2Fv2%2Fmedia&parent=3416"}],"wp:term":[{"taxonomy":"category","embeddable":true,"href":"http:\/\/wgphoto.pl\/t\/index.php?rest_route=%2Fwp%2Fv2%2Fcategories&post=3416"},{"taxonomy":"post_tag","embeddable":true,"href":"http:\/\/wgphoto.pl\/t\/index.php?rest_route=%2Fwp%2Fv2%2Ftags&post=3416"}],"curies":[{"name":"wp","href":"https:\/\/api.w.org\/{rel}","templated":true}]}}