{"id":3419,"date":"2024-10-21T20:23:52","date_gmt":"2024-10-21T18:23:52","guid":{"rendered":"https:\/\/wgphoto.pl\/t\/?p=3419"},"modified":"2024-10-21T20:23:52","modified_gmt":"2024-10-21T18:23:52","slug":"gdzie-diavol-mowi-noapte-buna","status":"publish","type":"post","link":"http:\/\/wgphoto.pl\/t\/?p=3419","title":{"rendered":"Gdzie diavol m\u00f3wi noapte bun\u0103"},"content":{"rendered":"\n<figure class=\"wp-block-image aligncenter size-full\"><img loading=\"lazy\" decoding=\"async\" width=\"1200\" height=\"795\" src=\"https:\/\/wgphoto.pl\/t\/wp-content\/uploads\/2024\/10\/IMGP5566.jpg\" alt=\"\" class=\"wp-image-3420\" srcset=\"http:\/\/wgphoto.pl\/t\/wp-content\/uploads\/2024\/10\/IMGP5566.jpg 1200w, http:\/\/wgphoto.pl\/t\/wp-content\/uploads\/2024\/10\/IMGP5566-300x199.jpg 300w, http:\/\/wgphoto.pl\/t\/wp-content\/uploads\/2024\/10\/IMGP5566-768x509.jpg 768w\" sizes=\"auto, (max-width: 1200px) 100vw, 1200px\" \/><\/figure>\n\n\n\n<div class=\"wp-block-group has-global-padding is-layout-constrained wp-block-group-is-layout-constrained\">\n<p>Bukareszt, Strada Sf\u00e2ntul Constantin. To jedno z niewielu miejsc, gdzie tramwaje poruszaj\u0105 si\u0119 w\u0105skimi ulicami w\u015br\u00f3d kamienic. Nie s\u0105dzi\u0142em, \u017ce zastan\u0119 taki plener, dlatego trafi\u0142em tam troch\u0119 przypadkiem o tak p\u00f3\u017anej porze. 16.10.2019<\/p>\n<\/div>\n","protected":false},"excerpt":{"rendered":"<p>Bukareszt, Strada Sf\u00e2ntul Constantin. To jedno z niewielu miejsc, gdzie tramwaje poruszaj\u0105 si\u0119 w\u0105skimi ulicami w\u015br\u00f3d kamienic. Nie s\u0105dzi\u0142em, \u017ce zastan\u0119 taki plener, dlatego trafi\u0142em tam troch\u0119 przypadkiem o tak p\u00f3\u017anej porze. 16.10.2019<\/p>\n","protected":false},"author":1,"featured_media":3420,"comment_status":"open","ping_status":"","sticky":false,"template":"","format":"standard","meta":{"footnotes":""},"categories":[136,3],"tags":[1556,34,965,574,966,575,90],"class_list":["post-3419","post","type-post","status-publish","format-standard","has-post-thumbnail","hentry","category-rok-2019","category-tramwaj","tag-2019-10-16","tag-architektura","tag-bukareszt","tag-rumunia","tag-stb-bucuresti","tag-wakacje-2019","tag-wieczorem"],"_links":{"self":[{"href":"http:\/\/wgphoto.pl\/t\/index.php?rest_route=\/wp\/v2\/posts\/3419","targetHints":{"allow":["GET"]}}],"collection":[{"href":"http:\/\/wgphoto.pl\/t\/index.php?rest_route=\/wp\/v2\/posts"}],"about":[{"href":"http:\/\/wgphoto.pl\/t\/index.php?rest_route=\/wp\/v2\/types\/post"}],"author":[{"embeddable":true,"href":"http:\/\/wgphoto.pl\/t\/index.php?rest_route=\/wp\/v2\/users\/1"}],"replies":[{"embeddable":true,"href":"http:\/\/wgphoto.pl\/t\/index.php?rest_route=%2Fwp%2Fv2%2Fcomments&post=3419"}],"version-history":[{"count":1,"href":"http:\/\/wgphoto.pl\/t\/index.php?rest_route=\/wp\/v2\/posts\/3419\/revisions"}],"predecessor-version":[{"id":3421,"href":"http:\/\/wgphoto.pl\/t\/index.php?rest_route=\/wp\/v2\/posts\/3419\/revisions\/3421"}],"wp:featuredmedia":[{"embeddable":true,"href":"http:\/\/wgphoto.pl\/t\/index.php?rest_route=\/wp\/v2\/media\/3420"}],"wp:attachment":[{"href":"http:\/\/wgphoto.pl\/t\/index.php?rest_route=%2Fwp%2Fv2%2Fmedia&parent=3419"}],"wp:term":[{"taxonomy":"category","embeddable":true,"href":"http:\/\/wgphoto.pl\/t\/index.php?rest_route=%2Fwp%2Fv2%2Fcategories&post=3419"},{"taxonomy":"post_tag","embeddable":true,"href":"http:\/\/wgphoto.pl\/t\/index.php?rest_route=%2Fwp%2Fv2%2Ftags&post=3419"}],"curies":[{"name":"wp","href":"https:\/\/api.w.org\/{rel}","templated":true}]}}