{"id":3460,"date":"2024-10-22T20:44:53","date_gmt":"2024-10-22T18:44:53","guid":{"rendered":"https:\/\/wgphoto.pl\/t\/?p=3460"},"modified":"2026-01-05T20:21:34","modified_gmt":"2026-01-05T19:21:34","slug":"refleks-wymagany","status":"publish","type":"post","link":"http:\/\/wgphoto.pl\/t\/?p=3460","title":{"rendered":"Refleks wymagany"},"content":{"rendered":"\n<figure class=\"wp-block-image aligncenter size-full\"><img loading=\"lazy\" decoding=\"async\" width=\"1200\" height=\"795\" src=\"https:\/\/wgphoto.pl\/t\/wp-content\/uploads\/2024\/10\/IMGP3060.jpg\" alt=\"\" class=\"wp-image-3461\" srcset=\"http:\/\/wgphoto.pl\/t\/wp-content\/uploads\/2024\/10\/IMGP3060.jpg 1200w, http:\/\/wgphoto.pl\/t\/wp-content\/uploads\/2024\/10\/IMGP3060-300x199.jpg 300w, http:\/\/wgphoto.pl\/t\/wp-content\/uploads\/2024\/10\/IMGP3060-768x509.jpg 768w\" sizes=\"auto, (max-width: 1200px) 100vw, 1200px\" \/><\/figure>\n\n\n\n<div class=\"wp-block-group has-global-padding is-layout-constrained wp-block-group-is-layout-constrained\">\n<p>Poci\u0105g regionalny 3934 relacji Palermo Centrale &#8211; Agrigento Centrale z du\u017c\u0105 pr\u0119dko\u015bci\u0105 zbli\u017ca si\u0119 do peron\u00f3w przystanku San Nicola (Tonnara). Dawniej by\u0142a tu stacja, a widoczny budynek, wygl\u0105daj\u0105cy podejrzanie kolejowo, pe\u0142ni\u0142 zapewne rol\u0119 nastawni. 28.03.2019<\/p>\n<\/div>\n","protected":false},"excerpt":{"rendered":"<p>Poci\u0105g regionalny 3934 relacji Palermo Centrale &#8211; Agrigento Centrale z du\u017c\u0105 pr\u0119dko\u015bci\u0105 zbli\u017ca si\u0119 do peron\u00f3w przystanku San Nicola (Tonnara). Dawniej by\u0142a tu stacja, a widoczny budynek, wygl\u0105daj\u0105cy podejrzanie kolejowo, pe\u0142ni\u0142 zapewne rol\u0119 nastawni. 28.03.2019<\/p>\n","protected":false},"author":1,"featured_media":3461,"comment_status":"open","ping_status":"","sticky":false,"template":"","format":"standard","meta":{"footnotes":""},"categories":[2,136],"tags":[429,4504,428,13,112,114,173,116,427,422,110],"class_list":["post-3460","post","type-post","status-publish","format-standard","has-post-thumbnail","hentry","category-kolej","category-rok-2019","tag-2019-03-28","tag-alstom-coradia-meridian","tag-altavilla-milicia","tag-deszcz","tag-fs","tag-gory","tag-koncowki","tag-morze","tag-san-nicola-tonnara","tag-sycylia","tag-wlochy"],"_links":{"self":[{"href":"http:\/\/wgphoto.pl\/t\/index.php?rest_route=\/wp\/v2\/posts\/3460","targetHints":{"allow":["GET"]}}],"collection":[{"href":"http:\/\/wgphoto.pl\/t\/index.php?rest_route=\/wp\/v2\/posts"}],"about":[{"href":"http:\/\/wgphoto.pl\/t\/index.php?rest_route=\/wp\/v2\/types\/post"}],"author":[{"embeddable":true,"href":"http:\/\/wgphoto.pl\/t\/index.php?rest_route=\/wp\/v2\/users\/1"}],"replies":[{"embeddable":true,"href":"http:\/\/wgphoto.pl\/t\/index.php?rest_route=%2Fwp%2Fv2%2Fcomments&post=3460"}],"version-history":[{"count":1,"href":"http:\/\/wgphoto.pl\/t\/index.php?rest_route=\/wp\/v2\/posts\/3460\/revisions"}],"predecessor-version":[{"id":3462,"href":"http:\/\/wgphoto.pl\/t\/index.php?rest_route=\/wp\/v2\/posts\/3460\/revisions\/3462"}],"wp:featuredmedia":[{"embeddable":true,"href":"http:\/\/wgphoto.pl\/t\/index.php?rest_route=\/wp\/v2\/media\/3461"}],"wp:attachment":[{"href":"http:\/\/wgphoto.pl\/t\/index.php?rest_route=%2Fwp%2Fv2%2Fmedia&parent=3460"}],"wp:term":[{"taxonomy":"category","embeddable":true,"href":"http:\/\/wgphoto.pl\/t\/index.php?rest_route=%2Fwp%2Fv2%2Fcategories&post=3460"},{"taxonomy":"post_tag","embeddable":true,"href":"http:\/\/wgphoto.pl\/t\/index.php?rest_route=%2Fwp%2Fv2%2Ftags&post=3460"}],"curies":[{"name":"wp","href":"https:\/\/api.w.org\/{rel}","templated":true}]}}