{"id":3498,"date":"2024-10-22T20:57:48","date_gmt":"2024-10-22T18:57:48","guid":{"rendered":"https:\/\/wgphoto.pl\/t\/?p=3498"},"modified":"2024-10-22T20:57:48","modified_gmt":"2024-10-22T18:57:48","slug":"dwoja-dla-projektanta","status":"publish","type":"post","link":"http:\/\/wgphoto.pl\/t\/?p=3498","title":{"rendered":"Dw\u00f3ja dla projektanta"},"content":{"rendered":"\n<figure class=\"wp-block-image aligncenter size-full\"><img loading=\"lazy\" decoding=\"async\" width=\"1200\" height=\"803\" src=\"https:\/\/wgphoto.pl\/t\/wp-content\/uploads\/2024\/10\/IMGP5085.jpg\" alt=\"\" class=\"wp-image-3499\" srcset=\"http:\/\/wgphoto.pl\/t\/wp-content\/uploads\/2024\/10\/IMGP5085.jpg 1200w, http:\/\/wgphoto.pl\/t\/wp-content\/uploads\/2024\/10\/IMGP5085-300x201.jpg 300w, http:\/\/wgphoto.pl\/t\/wp-content\/uploads\/2024\/10\/IMGP5085-768x514.jpg 768w\" sizes=\"auto, (max-width: 1200px) 100vw, 1200px\" \/><\/figure>\n\n\n\n<div class=\"wp-block-group has-global-padding is-layout-constrained wp-block-group-is-layout-constrained\">\n<p>\u0141upk\u00f3w infrastruktur\u0105 troch\u0119 na\u015bladuje poblisk\u0105 S\u0142owacj\u0119, tylko przy budowie porz\u0105dnego peronu pierwszego kto\u015b zapomnia\u0142 o doj\u015bciu na ziemny peron drugi. 23.07.2010<\/p>\n<\/div>\n","protected":false},"excerpt":{"rendered":"<p>\u0141upk\u00f3w infrastruktur\u0105 troch\u0119 na\u015bladuje poblisk\u0105 S\u0142owacj\u0119, tylko przy budowie porz\u0105dnego peronu pierwszego kto\u015b zapomnia\u0142 o doj\u015bciu na ziemny peron drugi. 23.07.2010<\/p>\n","protected":false},"author":1,"featured_media":3499,"comment_status":"open","ping_status":"","sticky":false,"template":"","format":"standard","meta":{"footnotes":""},"categories":[2,86],"tags":[1052,173,468,63,341,27,250,344,265],"class_list":["post-3498","post","type-post","status-publish","format-standard","has-post-thumbnail","hentry","category-kolej","category-rok-2010","tag-2010-07-23","tag-koncowki","tag-lupkow","tag-pkp","tag-podkarpacie-2010","tag-polska","tag-su42","tag-tab-pl134","tag-wagon"],"_links":{"self":[{"href":"http:\/\/wgphoto.pl\/t\/index.php?rest_route=\/wp\/v2\/posts\/3498","targetHints":{"allow":["GET"]}}],"collection":[{"href":"http:\/\/wgphoto.pl\/t\/index.php?rest_route=\/wp\/v2\/posts"}],"about":[{"href":"http:\/\/wgphoto.pl\/t\/index.php?rest_route=\/wp\/v2\/types\/post"}],"author":[{"embeddable":true,"href":"http:\/\/wgphoto.pl\/t\/index.php?rest_route=\/wp\/v2\/users\/1"}],"replies":[{"embeddable":true,"href":"http:\/\/wgphoto.pl\/t\/index.php?rest_route=%2Fwp%2Fv2%2Fcomments&post=3498"}],"version-history":[{"count":1,"href":"http:\/\/wgphoto.pl\/t\/index.php?rest_route=\/wp\/v2\/posts\/3498\/revisions"}],"predecessor-version":[{"id":3500,"href":"http:\/\/wgphoto.pl\/t\/index.php?rest_route=\/wp\/v2\/posts\/3498\/revisions\/3500"}],"wp:featuredmedia":[{"embeddable":true,"href":"http:\/\/wgphoto.pl\/t\/index.php?rest_route=\/wp\/v2\/media\/3499"}],"wp:attachment":[{"href":"http:\/\/wgphoto.pl\/t\/index.php?rest_route=%2Fwp%2Fv2%2Fmedia&parent=3498"}],"wp:term":[{"taxonomy":"category","embeddable":true,"href":"http:\/\/wgphoto.pl\/t\/index.php?rest_route=%2Fwp%2Fv2%2Fcategories&post=3498"},{"taxonomy":"post_tag","embeddable":true,"href":"http:\/\/wgphoto.pl\/t\/index.php?rest_route=%2Fwp%2Fv2%2Ftags&post=3498"}],"curies":[{"name":"wp","href":"https:\/\/api.w.org\/{rel}","templated":true}]}}