{"id":3532,"date":"2024-10-22T21:09:52","date_gmt":"2024-10-22T19:09:52","guid":{"rendered":"https:\/\/wgphoto.pl\/t\/?p=3532"},"modified":"2024-10-22T21:09:52","modified_gmt":"2024-10-22T19:09:52","slug":"tramwaj-na-dworcu-kolejowym-po-raz-drugi","status":"publish","type":"post","link":"http:\/\/wgphoto.pl\/t\/?p=3532","title":{"rendered":"Tramwaj na dworcu kolejowym po raz drugi"},"content":{"rendered":"\n<figure class=\"wp-block-image aligncenter size-full\"><img loading=\"lazy\" decoding=\"async\" width=\"1200\" height=\"795\" src=\"https:\/\/wgphoto.pl\/t\/wp-content\/uploads\/2024\/10\/IMGP3541.jpg\" alt=\"\" class=\"wp-image-3533\" srcset=\"http:\/\/wgphoto.pl\/t\/wp-content\/uploads\/2024\/10\/IMGP3541.jpg 1200w, http:\/\/wgphoto.pl\/t\/wp-content\/uploads\/2024\/10\/IMGP3541-300x199.jpg 300w, http:\/\/wgphoto.pl\/t\/wp-content\/uploads\/2024\/10\/IMGP3541-768x509.jpg 768w\" sizes=\"auto, (max-width: 1200px) 100vw, 1200px\" \/><\/figure>\n\n\n\n<div class=\"wp-block-group has-global-padding is-layout-constrained wp-block-group-is-layout-constrained\">\n<p>Sk\u0142ad Tatr oczekuje p\u00f3\u017anym wieczorem pory odjazdu z pocz\u0105tkowego przystanku zlokalizowanego pod hal\u0105 peronow\u0105 dworca Chemnitz Hbf. Po prawej, na podwy\u017cszeniu, znajduj\u0105 si\u0119 tory kolejowe przy czo\u0142owych peronach. 22.09.2017<\/p>\n<\/div>\n","protected":false},"excerpt":{"rendered":"<p>Sk\u0142ad Tatr oczekuje p\u00f3\u017anym wieczorem pory odjazdu z pocz\u0105tkowego przystanku zlokalizowanego pod hal\u0105 peronow\u0105 dworca Chemnitz Hbf. Po prawej, na podwy\u017cszeniu, znajduj\u0105 si\u0119 tory kolejowe przy czo\u0142owych peronach. 22.09.2017<\/p>\n","protected":false},"author":1,"featured_media":3533,"comment_status":"open","ping_status":"","sticky":false,"template":"","format":"standard","meta":{"footnotes":""},"categories":[368,3],"tags":[1525,732,1584,730,179,23,154,1011],"class_list":["post-3532","post","type-post","status-publish","format-standard","has-post-thumbnail","hentry","category-rok-2017","category-tramwaj","tag-2017-09-22","tag-chemnitz","tag-chemnitz-hauptbahnhof","tag-cvag-chemnitz","tag-hala-peronowa","tag-niemcy","tag-noc","tag-tatra-t3"],"_links":{"self":[{"href":"http:\/\/wgphoto.pl\/t\/index.php?rest_route=\/wp\/v2\/posts\/3532","targetHints":{"allow":["GET"]}}],"collection":[{"href":"http:\/\/wgphoto.pl\/t\/index.php?rest_route=\/wp\/v2\/posts"}],"about":[{"href":"http:\/\/wgphoto.pl\/t\/index.php?rest_route=\/wp\/v2\/types\/post"}],"author":[{"embeddable":true,"href":"http:\/\/wgphoto.pl\/t\/index.php?rest_route=\/wp\/v2\/users\/1"}],"replies":[{"embeddable":true,"href":"http:\/\/wgphoto.pl\/t\/index.php?rest_route=%2Fwp%2Fv2%2Fcomments&post=3532"}],"version-history":[{"count":1,"href":"http:\/\/wgphoto.pl\/t\/index.php?rest_route=\/wp\/v2\/posts\/3532\/revisions"}],"predecessor-version":[{"id":3534,"href":"http:\/\/wgphoto.pl\/t\/index.php?rest_route=\/wp\/v2\/posts\/3532\/revisions\/3534"}],"wp:featuredmedia":[{"embeddable":true,"href":"http:\/\/wgphoto.pl\/t\/index.php?rest_route=\/wp\/v2\/media\/3533"}],"wp:attachment":[{"href":"http:\/\/wgphoto.pl\/t\/index.php?rest_route=%2Fwp%2Fv2%2Fmedia&parent=3532"}],"wp:term":[{"taxonomy":"category","embeddable":true,"href":"http:\/\/wgphoto.pl\/t\/index.php?rest_route=%2Fwp%2Fv2%2Fcategories&post=3532"},{"taxonomy":"post_tag","embeddable":true,"href":"http:\/\/wgphoto.pl\/t\/index.php?rest_route=%2Fwp%2Fv2%2Ftags&post=3532"}],"curies":[{"name":"wp","href":"https:\/\/api.w.org\/{rel}","templated":true}]}}