{"id":3535,"date":"2024-10-22T21:11:19","date_gmt":"2024-10-22T19:11:19","guid":{"rendered":"https:\/\/wgphoto.pl\/t\/?p=3535"},"modified":"2024-10-22T21:11:19","modified_gmt":"2024-10-22T19:11:19","slug":"klasyka-z-konstalu","status":"publish","type":"post","link":"http:\/\/wgphoto.pl\/t\/?p=3535","title":{"rendered":"Klasyka z Konstalu"},"content":{"rendered":"\n<figure class=\"wp-block-image aligncenter size-full\"><img loading=\"lazy\" decoding=\"async\" width=\"1200\" height=\"795\" src=\"https:\/\/wgphoto.pl\/t\/wp-content\/uploads\/2024\/10\/IMGP3687.jpg\" alt=\"\" class=\"wp-image-3536\" srcset=\"http:\/\/wgphoto.pl\/t\/wp-content\/uploads\/2024\/10\/IMGP3687.jpg 1200w, http:\/\/wgphoto.pl\/t\/wp-content\/uploads\/2024\/10\/IMGP3687-300x199.jpg 300w, http:\/\/wgphoto.pl\/t\/wp-content\/uploads\/2024\/10\/IMGP3687-768x509.jpg 768w\" sizes=\"auto, (max-width: 1200px) 100vw, 1200px\" \/><\/figure>\n\n\n\n<div class=\"wp-block-group has-global-padding is-layout-constrained wp-block-group-is-layout-constrained\">\n<p>Krak\u00f3w, p\u0119tla Czerwone Maki &#8211; ale czy to ma znaczenie? Sfotografowa\u0142em te stopi\u0105tki aby pokaza\u0107 oryginalne gniazda sterowania wielokrotnego, jakie we Wroc\u0142awiu na pojazdach liniowych znikn\u0119\u0142y ca\u0142kowicie mi\u0119dzy 1999 a ok. 2010 rokiem. 01.05.2019<\/p>\n<\/div>\n","protected":false},"excerpt":{"rendered":"<p>Krak\u00f3w, p\u0119tla Czerwone Maki &#8211; ale czy to ma znaczenie? Sfotografowa\u0142em te stopi\u0105tki aby pokaza\u0107 oryginalne gniazda sterowania wielokrotnego, jakie we Wroc\u0142awiu na pojazdach liniowych znikn\u0119\u0142y ca\u0142kowicie mi\u0119dzy 1999 a ok. 2010 rokiem. 01.05.2019<\/p>\n","protected":false},"author":1,"featured_media":3536,"comment_status":"open","ping_status":"","sticky":false,"template":"","format":"standard","meta":{"footnotes":""},"categories":[220,136,3],"tags":[155,666,664,663,27,1587],"class_list":["post-3535","post","type-post","status-publish","format-standard","has-post-thumbnail","hentry","category-blo","category-rok-2019","category-tramwaj","tag-105na","tag-2019-05-01","tag-krakow","tag-mpk-krakow","tag-polska","tag-w-skladzie"],"_links":{"self":[{"href":"http:\/\/wgphoto.pl\/t\/index.php?rest_route=\/wp\/v2\/posts\/3535","targetHints":{"allow":["GET"]}}],"collection":[{"href":"http:\/\/wgphoto.pl\/t\/index.php?rest_route=\/wp\/v2\/posts"}],"about":[{"href":"http:\/\/wgphoto.pl\/t\/index.php?rest_route=\/wp\/v2\/types\/post"}],"author":[{"embeddable":true,"href":"http:\/\/wgphoto.pl\/t\/index.php?rest_route=\/wp\/v2\/users\/1"}],"replies":[{"embeddable":true,"href":"http:\/\/wgphoto.pl\/t\/index.php?rest_route=%2Fwp%2Fv2%2Fcomments&post=3535"}],"version-history":[{"count":1,"href":"http:\/\/wgphoto.pl\/t\/index.php?rest_route=\/wp\/v2\/posts\/3535\/revisions"}],"predecessor-version":[{"id":3537,"href":"http:\/\/wgphoto.pl\/t\/index.php?rest_route=\/wp\/v2\/posts\/3535\/revisions\/3537"}],"wp:featuredmedia":[{"embeddable":true,"href":"http:\/\/wgphoto.pl\/t\/index.php?rest_route=\/wp\/v2\/media\/3536"}],"wp:attachment":[{"href":"http:\/\/wgphoto.pl\/t\/index.php?rest_route=%2Fwp%2Fv2%2Fmedia&parent=3535"}],"wp:term":[{"taxonomy":"category","embeddable":true,"href":"http:\/\/wgphoto.pl\/t\/index.php?rest_route=%2Fwp%2Fv2%2Fcategories&post=3535"},{"taxonomy":"post_tag","embeddable":true,"href":"http:\/\/wgphoto.pl\/t\/index.php?rest_route=%2Fwp%2Fv2%2Ftags&post=3535"}],"curies":[{"name":"wp","href":"https:\/\/api.w.org\/{rel}","templated":true}]}}