{"id":3542,"date":"2024-10-22T21:13:43","date_gmt":"2024-10-22T19:13:43","guid":{"rendered":"https:\/\/wgphoto.pl\/t\/?p=3542"},"modified":"2024-10-22T21:13:43","modified_gmt":"2024-10-22T19:13:43","slug":"druga-mlodosc","status":"publish","type":"post","link":"http:\/\/wgphoto.pl\/t\/?p=3542","title":{"rendered":"Druga m\u0142odo\u015b\u0107"},"content":{"rendered":"\n<figure class=\"wp-block-image aligncenter size-full\"><img loading=\"lazy\" decoding=\"async\" width=\"1200\" height=\"795\" src=\"https:\/\/wgphoto.pl\/t\/wp-content\/uploads\/2024\/10\/IMGP5516.jpg\" alt=\"\" class=\"wp-image-3543\" srcset=\"http:\/\/wgphoto.pl\/t\/wp-content\/uploads\/2024\/10\/IMGP5516.jpg 1200w, http:\/\/wgphoto.pl\/t\/wp-content\/uploads\/2024\/10\/IMGP5516-300x199.jpg 300w, http:\/\/wgphoto.pl\/t\/wp-content\/uploads\/2024\/10\/IMGP5516-768x509.jpg 768w\" sizes=\"auto, (max-width: 1200px) 100vw, 1200px\" \/><\/figure>\n\n\n\n<div class=\"wp-block-group has-global-padding is-layout-constrained wp-block-group-is-layout-constrained\">\n<p>Dwie ex-niemieckie spalinowe jednostki BR 624, w Polsce znane jako SA110, oczekuj\u0105 na zatrudnienie na stacji Titan Sud w Bukareszcie. W Rumunii u\u017cytkuje je przewo\u017anik Transferoviar C\u0103l\u0103tori. 16.10.2019<\/p>\n<\/div>\n","protected":false},"excerpt":{"rendered":"<p>Dwie ex-niemieckie spalinowe jednostki BR 624, w Polsce znane jako SA110, oczekuj\u0105 na zatrudnienie na stacji Titan Sud w Bukareszcie. W Rumunii u\u017cytkuje je przewo\u017anik Transferoviar C\u0103l\u0103tori. 16.10.2019<\/p>\n","protected":false},"author":1,"featured_media":3543,"comment_status":"open","ping_status":"","sticky":false,"template":"","format":"standard","meta":{"footnotes":""},"categories":[220,2,136],"tags":[1556,965,574,1589,1588,1587,575],"class_list":["post-3542","post","type-post","status-publish","format-standard","has-post-thumbnail","hentry","category-blo","category-kolej","category-rok-2019","tag-2019-10-16","tag-bukareszt","tag-rumunia","tag-tfc","tag-titan-sud","tag-w-skladzie","tag-wakacje-2019"],"_links":{"self":[{"href":"http:\/\/wgphoto.pl\/t\/index.php?rest_route=\/wp\/v2\/posts\/3542","targetHints":{"allow":["GET"]}}],"collection":[{"href":"http:\/\/wgphoto.pl\/t\/index.php?rest_route=\/wp\/v2\/posts"}],"about":[{"href":"http:\/\/wgphoto.pl\/t\/index.php?rest_route=\/wp\/v2\/types\/post"}],"author":[{"embeddable":true,"href":"http:\/\/wgphoto.pl\/t\/index.php?rest_route=\/wp\/v2\/users\/1"}],"replies":[{"embeddable":true,"href":"http:\/\/wgphoto.pl\/t\/index.php?rest_route=%2Fwp%2Fv2%2Fcomments&post=3542"}],"version-history":[{"count":1,"href":"http:\/\/wgphoto.pl\/t\/index.php?rest_route=\/wp\/v2\/posts\/3542\/revisions"}],"predecessor-version":[{"id":3544,"href":"http:\/\/wgphoto.pl\/t\/index.php?rest_route=\/wp\/v2\/posts\/3542\/revisions\/3544"}],"wp:featuredmedia":[{"embeddable":true,"href":"http:\/\/wgphoto.pl\/t\/index.php?rest_route=\/wp\/v2\/media\/3543"}],"wp:attachment":[{"href":"http:\/\/wgphoto.pl\/t\/index.php?rest_route=%2Fwp%2Fv2%2Fmedia&parent=3542"}],"wp:term":[{"taxonomy":"category","embeddable":true,"href":"http:\/\/wgphoto.pl\/t\/index.php?rest_route=%2Fwp%2Fv2%2Fcategories&post=3542"},{"taxonomy":"post_tag","embeddable":true,"href":"http:\/\/wgphoto.pl\/t\/index.php?rest_route=%2Fwp%2Fv2%2Ftags&post=3542"}],"curies":[{"name":"wp","href":"https:\/\/api.w.org\/{rel}","templated":true}]}}