{"id":3545,"date":"2024-10-22T21:14:42","date_gmt":"2024-10-22T19:14:42","guid":{"rendered":"https:\/\/wgphoto.pl\/t\/?p=3545"},"modified":"2024-10-22T21:14:42","modified_gmt":"2024-10-22T19:14:42","slug":"a-jednak-osobno","status":"publish","type":"post","link":"http:\/\/wgphoto.pl\/t\/?p=3545","title":{"rendered":"A jednak osobno"},"content":{"rendered":"\n<figure class=\"wp-block-image aligncenter size-full\"><img loading=\"lazy\" decoding=\"async\" width=\"1200\" height=\"795\" src=\"https:\/\/wgphoto.pl\/t\/wp-content\/uploads\/2024\/10\/IMGP5014.jpg\" alt=\"\" class=\"wp-image-3546\" srcset=\"http:\/\/wgphoto.pl\/t\/wp-content\/uploads\/2024\/10\/IMGP5014.jpg 1200w, http:\/\/wgphoto.pl\/t\/wp-content\/uploads\/2024\/10\/IMGP5014-300x199.jpg 300w, http:\/\/wgphoto.pl\/t\/wp-content\/uploads\/2024\/10\/IMGP5014-768x509.jpg 768w\" sizes=\"auto, (max-width: 1200px) 100vw, 1200px\" \/><\/figure>\n\n\n\n<div class=\"wp-block-group has-global-padding is-layout-constrained wp-block-group-is-layout-constrained\">\n<p>Wieczorny osobowy z Preszowa sko\u0144czy\u0142 bieg w Koszycach. Dla domkni\u0119cia obiegu kurs ten obs\u0142uguj\u0105 dwie jednostki serii 460. Tutaj ju\u017c roz\u0142\u0105czone na nast\u0119pny dzie\u0144 zaraz odjad\u0105 osobno na tory postojowe. 16.08.2019<\/p>\n<\/div>\n","protected":false},"excerpt":{"rendered":"<p>Wieczorny osobowy z Preszowa sko\u0144czy\u0142 bieg w Koszycach. Dla domkni\u0119cia obiegu kurs ten obs\u0142uguj\u0105 dwie jednostki serii 460. Tutaj ju\u017c roz\u0142\u0105czone na nast\u0119pny dzie\u0144 zaraz odjad\u0105 osobno na tory postojowe. 16.08.2019<\/p>\n","protected":false},"author":1,"featured_media":3546,"comment_status":"open","ping_status":"","sticky":false,"template":"","format":"standard","meta":{"footnotes":""},"categories":[220,2,136],"tags":[1357,1398,1590,1358,1168,675,1587,90,469],"class_list":["post-3545","post","type-post","status-publish","format-standard","has-post-thumbnail","hentry","category-blo","category-kolej","category-rok-2019","tag-2019-08-16","tag-1398","tag-kosice","tag-koszyce","tag-sierpniowka-2019","tag-slowacja","tag-w-skladzie","tag-wieczorem","tag-zssk"],"_links":{"self":[{"href":"http:\/\/wgphoto.pl\/t\/index.php?rest_route=\/wp\/v2\/posts\/3545","targetHints":{"allow":["GET"]}}],"collection":[{"href":"http:\/\/wgphoto.pl\/t\/index.php?rest_route=\/wp\/v2\/posts"}],"about":[{"href":"http:\/\/wgphoto.pl\/t\/index.php?rest_route=\/wp\/v2\/types\/post"}],"author":[{"embeddable":true,"href":"http:\/\/wgphoto.pl\/t\/index.php?rest_route=\/wp\/v2\/users\/1"}],"replies":[{"embeddable":true,"href":"http:\/\/wgphoto.pl\/t\/index.php?rest_route=%2Fwp%2Fv2%2Fcomments&post=3545"}],"version-history":[{"count":1,"href":"http:\/\/wgphoto.pl\/t\/index.php?rest_route=\/wp\/v2\/posts\/3545\/revisions"}],"predecessor-version":[{"id":3547,"href":"http:\/\/wgphoto.pl\/t\/index.php?rest_route=\/wp\/v2\/posts\/3545\/revisions\/3547"}],"wp:featuredmedia":[{"embeddable":true,"href":"http:\/\/wgphoto.pl\/t\/index.php?rest_route=\/wp\/v2\/media\/3546"}],"wp:attachment":[{"href":"http:\/\/wgphoto.pl\/t\/index.php?rest_route=%2Fwp%2Fv2%2Fmedia&parent=3545"}],"wp:term":[{"taxonomy":"category","embeddable":true,"href":"http:\/\/wgphoto.pl\/t\/index.php?rest_route=%2Fwp%2Fv2%2Fcategories&post=3545"},{"taxonomy":"post_tag","embeddable":true,"href":"http:\/\/wgphoto.pl\/t\/index.php?rest_route=%2Fwp%2Fv2%2Ftags&post=3545"}],"curies":[{"name":"wp","href":"https:\/\/api.w.org\/{rel}","templated":true}]}}